{"id":19871,"date":"2025-04-07T13:49:30","date_gmt":"2025-04-07T13:49:30","guid":{"rendered":"https:\/\/manuscriptevidence.org\/wpme\/?p=19871"},"modified":"2025-11-09T00:19:39","modified_gmt":"2025-11-09T00:19:39","slug":"a-latin-kalendar-leaf-for-february-from-northern-france","status":"publish","type":"post","link":"https:\/\/manuscriptevidence.org\/wpme\/a-latin-kalendar-leaf-for-february-from-northern-france\/","title":{"rendered":"A Latin Kalendar Leaf for February from Northern France"},"content":{"rendered":"<h1 style=\"text-align: center;\">Medieval Manuscript Fragments<br \/>\nat the DRAGEN Lab<\/h1>\n<h1 style=\"text-align: center;\">Part 1:<\/h1>\n<h2 style=\"text-align: center;\">Leaf of Latin Chants<\/h2>\n<h2 style=\"text-align: center;\">Part 1:<br \/>\nLatin Kalendar Leaf for February<br \/>\nfrom Northern France<\/h2>\n<p style=\"text-align: center;\">Mildred Budny<\/p>\n<p>[<em>Posted on 5 April 2025, with an update of 7 November 2025<\/em>]<\/p>\n<div id=\"attachment_19878\" style=\"width: 310px\" class=\"wp-caption alignright\"><img aria-describedby=\"caption-attachment-19878\" loading=\"lazy\" class=\"wp-image-19878 size-medium\" src=\"https:\/\/manuscriptevidence.org\/wpme\/wp-content\/uploads\/2025\/02\/February-Calendar-Leaf-recto-top-300x188.jpg\" alt=\"\" width=\"300\" height=\"188\" srcset=\"https:\/\/manuscriptevidence.org\/wpme\/wp-content\/uploads\/2025\/02\/February-Calendar-Leaf-recto-top-300x188.jpg 300w, https:\/\/manuscriptevidence.org\/wpme\/wp-content\/uploads\/2025\/02\/February-Calendar-Leaf-recto-top-1024x643.jpg 1024w, https:\/\/manuscriptevidence.org\/wpme\/wp-content\/uploads\/2025\/02\/February-Calendar-Leaf-recto-top-150x94.jpg 150w, https:\/\/manuscriptevidence.org\/wpme\/wp-content\/uploads\/2025\/02\/February-Calendar-Leaf-recto-top-768x482.jpg 768w, https:\/\/manuscriptevidence.org\/wpme\/wp-content\/uploads\/2025\/02\/February-Calendar-Leaf-recto-top-1536x964.jpg 1536w, https:\/\/manuscriptevidence.org\/wpme\/wp-content\/uploads\/2025\/02\/February-Calendar-Leaf-recto-top-2048x1285.jpg 2048w, https:\/\/manuscriptevidence.org\/wpme\/wp-content\/uploads\/2025\/02\/February-Calendar-Leaf-recto-top-80x50.jpg 80w, https:\/\/manuscriptevidence.org\/wpme\/wp-content\/uploads\/2025\/02\/February-Calendar-Leaf-recto-top-598x372.jpg 598w\" sizes=\"(max-width: 300px) 100vw, 300px\" \/><p id=\"caption-attachment-19878\" class=\"wp-caption-text\">Waterloo, University of Waterloo, DRAGEN Lab, Saint Jerome&#8217;s University, Latin Kalendar Leaf for February, Recto, Top.<\/p><\/div>\n<p>To accompany preparations for the <a href=\"https:\/\/manuscriptevidence.org\/wpme\/2025-rgme-autumn-colloquium-at-the-university-of-waterloo\/\" target=\"_blank\" rel=\"noopener\">2025 RGME Autumn Colloquium at the University of Waterloo<\/a> in November, we explore some manuscript and printed treasures at the University&#8217;s <a href=\"https:\/\/www.dragenlab.ca\/\" target=\"_blank\" rel=\"noopener\">Medieval DRAGEN Lab<\/a> (Digital Research Arts for Graphic and Environmental Networks). We thank the staff of the DRAGEN Lab and its director, Steven Bednarski, for permission to examine these materials and share the findings with you.<\/p>\n<p>For information about the Colloquium and registration for it, please visit<\/p>\n<ul>\n<li><a href=\"https:\/\/manuscriptevidence.org\/wpme\/2025-rgme-autumn-colloquium-at-the-university-of-waterloo\/\" target=\"_blank\" rel=\"noopener\">2025 RGME Autumn Colloquium at the University of Waterloo<\/a><\/li>\n<\/ul>\n<p>[<em>Updat<\/em>e: See the revised information for the Colloquium, which will take place at Princeton instead, without support from UWaterloo:<\/p>\n<ul>\n<li><a href=\"https:\/\/manuscriptevidence.org\/wpme\/2025-rgme-autumn-colloquium-on-fragments\" target=\"_blank\" rel=\"noopener\">2025 RGME Autumn Colloquium on Fragments<\/a>]<\/li>\n<\/ul>\n<p>In a series, first we examine leaves from two different medieval manuscripts in Latin.<\/p>\n<p>Standing on its own, without identifying inscriptions or other marks to indicate its origin, date and place of production, early and subsequent ownership, or other features of its transmission, the leaf must or can speak for itself. They are:<\/p>\n<p>I. A single leaf, perhaps from a Book of Hours, carries the portion for the month of February of the liturgical Kalendar (or Calendar) which would have contained all twelve months, with the lists of days designated for veneration of particular saints or occasions within the cycle of the liturgical year.<\/p>\n<p>II. A single leaf from a liturgical manuscript carries a set of chants in a trimmed single column of six lines of text per page. These lines appear below lines of square musical notation on four-line staves drawn in red.<\/p>\n<p>We examine each in its own right, with some observations about their texts and other features.<\/p>\n<p>This post considers the Kalendar leaf. For the musical leaf, see the next post.<\/p>\n<h2>I. Kalendar Leaf for February<\/h2>\n<h3>Recto<\/h3>\n<div id=\"attachment_19875\" style=\"width: 767px\" class=\"wp-caption aligncenter\"><img aria-describedby=\"caption-attachment-19875\" loading=\"lazy\" class=\"wp-image-19875 size-large\" src=\"https:\/\/manuscriptevidence.org\/wpme\/wp-content\/uploads\/2025\/02\/February-Calendar-Leaf-recto-cropped-757x1024.jpg\" alt=\"\" width=\"757\" height=\"1024\" srcset=\"https:\/\/manuscriptevidence.org\/wpme\/wp-content\/uploads\/2025\/02\/February-Calendar-Leaf-recto-cropped-757x1024.jpg 757w, https:\/\/manuscriptevidence.org\/wpme\/wp-content\/uploads\/2025\/02\/February-Calendar-Leaf-recto-cropped-222x300.jpg 222w, https:\/\/manuscriptevidence.org\/wpme\/wp-content\/uploads\/2025\/02\/February-Calendar-Leaf-recto-cropped-111x150.jpg 111w, https:\/\/manuscriptevidence.org\/wpme\/wp-content\/uploads\/2025\/02\/February-Calendar-Leaf-recto-cropped-768x1039.jpg 768w, https:\/\/manuscriptevidence.org\/wpme\/wp-content\/uploads\/2025\/02\/February-Calendar-Leaf-recto-cropped-1136x1536.jpg 1136w, https:\/\/manuscriptevidence.org\/wpme\/wp-content\/uploads\/2025\/02\/February-Calendar-Leaf-recto-cropped-1514x2048.jpg 1514w, https:\/\/manuscriptevidence.org\/wpme\/wp-content\/uploads\/2025\/02\/February-Calendar-Leaf-recto-cropped-scaled.jpg 1893w\" sizes=\"(max-width: 757px) 100vw, 757px\" \/><p id=\"caption-attachment-19875\" class=\"wp-caption-text\">Waterloo, University of Waterloo, DRAGEN Lab, Saint Jerome&#8217;s University, Latin Kalendar Leaf for February, Recto.<\/p><\/div>\n<h3>Verso<\/h3>\n<div id=\"attachment_19876\" style=\"width: 788px\" class=\"wp-caption aligncenter\"><img aria-describedby=\"caption-attachment-19876\" loading=\"lazy\" class=\"wp-image-19876 size-large\" src=\"https:\/\/manuscriptevidence.org\/wpme\/wp-content\/uploads\/2025\/02\/February-Calendar-Leaf-verso-cropped-778x1024.jpg\" alt=\"\" width=\"778\" height=\"1024\" srcset=\"https:\/\/manuscriptevidence.org\/wpme\/wp-content\/uploads\/2025\/02\/February-Calendar-Leaf-verso-cropped-778x1024.jpg 778w, https:\/\/manuscriptevidence.org\/wpme\/wp-content\/uploads\/2025\/02\/February-Calendar-Leaf-verso-cropped-228x300.jpg 228w, https:\/\/manuscriptevidence.org\/wpme\/wp-content\/uploads\/2025\/02\/February-Calendar-Leaf-verso-cropped-114x150.jpg 114w, https:\/\/manuscriptevidence.org\/wpme\/wp-content\/uploads\/2025\/02\/February-Calendar-Leaf-verso-cropped-768x1011.jpg 768w, https:\/\/manuscriptevidence.org\/wpme\/wp-content\/uploads\/2025\/02\/February-Calendar-Leaf-verso-cropped-1167x1536.jpg 1167w, https:\/\/manuscriptevidence.org\/wpme\/wp-content\/uploads\/2025\/02\/February-Calendar-Leaf-verso-cropped-1556x2048.jpg 1556w, https:\/\/manuscriptevidence.org\/wpme\/wp-content\/uploads\/2025\/02\/February-Calendar-Leaf-verso-cropped-scaled.jpg 1944w\" sizes=\"(max-width: 778px) 100vw, 778px\" \/><p id=\"caption-attachment-19876\" class=\"wp-caption-text\">Waterloo, University of Waterloo, DRAGEN Lab, Saint Jerome&#8217;s University, Latin Kalendar Leaf for February, Verso.<\/p><\/div>\n<p>*****<\/p>\n<h2>The Feast Days<\/h2>\n<p>The list of feasts to commemorate cite these saints and occasions, in calendar order:<\/p>\n<p>1) <strong>Serenicus<\/strong> (French: <i lang=\"fr\">C\u00e9neri<\/i> or <span title=\"French-language text\"><i lang=\"fr\">S\u00e9r\u00e8ne) <\/i><\/span><abbr title=\"circa\">c.<\/abbr>\u2009620 \u2013 c.\u2009669.<\/p>\n<p>The manuscript list cites the Italian <a href=\"https:\/\/openchurches.eu\/en-eu\/churches\/st-ceneri-le-gerei-eof-eng\" target=\"_blank\" rel=\"noopener\">C\u00e9neri<\/a> (born in Spoleto northern Italy, circa 620; died in 670), said to be a bishop in this calendar.\u00a0\u00a0A church dedicated to him survives at <a href=\"https:\/\/openchurches.eu\/en-eu\/churches\/st-ceneri-le-gerei-eof-eng\" target=\"_blank\" rel=\"noopener\">Saint-C\u00e9neri-le-G\u00e9rei<\/a>, with this tradition:<\/p>\n<p style=\"padding-left: 40px;\">The church was founded by Saint C\u00e9neri, who was born in Spoleto north of Rome around 620 and was a cardinal-deacon in the service of the Pope before moving to north-west France. He led a hermit&#8217;s life and settled on the banks of the [River] <a href=\"https:\/\/en.wikipedia.org\/wiki\/Sarthe_(river)\" target=\"_blank\" rel=\"noopener\">Sarthe<\/a>, where he founded a community and built a wooden church dedicated to Saint Martin. He died in 670 and his abbey was destroyed during the Norman invasions in 903.<\/p>\n<p style=\"padding-left: 320px;\">\u2014\u00a0<a href=\"https:\/\/openchurches.eu\/en-eu\/churches\/st-ceneri-le-gerei-eof-eng\" target=\"_blank\" rel=\"noopener\">Saint-C\u00e9neri-le-G\u00e9rei<\/a>,<\/p>\n<p>According to Wikipedia, some facts or surmises about this saint might be known.<b> <\/b><\/p>\n<p style=\"padding-left: 40px;\"><b>Serenicus<\/b> (French: <i lang=\"fr\">C\u00e9neri<\/i> or <span title=\"French-language text\"><i lang=\"fr\">S\u00e9r\u00e8ne<\/i><\/span>; <abbr title=\"circa\">c.<\/abbr>\u2009620\u00a0\u2013 c.\u2009669) was an Italian <a class=\"mw-redirect\" title=\"Benedictine monk\" href=\"https:\/\/en.wikipedia.org\/wiki\/Benedictine_monk\">Benedictine monk<\/a>. He was an early evangelist in <a title=\"Normandy\" href=\"https:\/\/en.wikipedia.org\/wiki\/Normandy\">Normandy<\/a>, and founded a monastery and a chapel in a village in <a title=\"Orne\" href=\"https:\/\/en.wikipedia.org\/wiki\/Orne\">Orne<\/a> that later took the name of <a title=\"Saint-C\u00e9neri-le-G\u00e9rei\" href=\"https:\/\/en.wikipedia.org\/wiki\/Saint-C%C3%A9neri-le-G%C3%A9rei\">Saint-C\u00e9neri-le-G\u00e9rei<\/a>.<\/p>\n<p style=\"padding-left: 40px;\">Born into a noble family in <a title=\"Umbria\" href=\"https:\/\/en.wikipedia.org\/wiki\/Umbria\">Umbria<\/a> around 620, Serenicus travelled to the <a title=\"Maine (province)\" href=\"https:\/\/en.wikipedia.org\/wiki\/Maine_(province)\">province of Maine<\/a> in 649 during the reign of the <a title=\"Merovingian dynasty\" href=\"https:\/\/en.wikipedia.org\/wiki\/Merovingian_dynasty\">Merovingian<\/a> king <a title=\"Clovis II\" href=\"https:\/\/en.wikipedia.org\/wiki\/Clovis_II\">Clovis II<\/a> with his brother, <a title=\"Serenidus of Saulges\" href=\"https:\/\/en.wikipedia.org\/wiki\/Serenidus_of_Saulges\">Serenidus<\/a>, to live a life of contemplation and penance.<sup id=\"cite_ref-:0_2-0\" class=\"reference\"><a href=\"https:\/\/en.wikipedia.org\/wiki\/Serenicus#cite_note-:0-2\"><span class=\"cite-bracket\">[<\/span>2<span class=\"cite-bracket\">]<\/span><\/a><\/sup> At first, he lived with Serenidus as a hermit and an ascetic near <a title=\"Saulges\" href=\"https:\/\/en.wikipedia.org\/wiki\/Saulges\">Saulges<\/a> in the <a class=\"mw-redirect\" title=\"Diocese of Le Mans\" href=\"https:\/\/en.wikipedia.org\/wiki\/Diocese_of_Le_Mans\">diocese of Le Mans<\/a>.<sup id=\"cite_ref-City_Desert_3-0\" class=\"reference\"><a href=\"https:\/\/en.wikipedia.org\/wiki\/Serenicus#cite_note-City_Desert-3\"><span class=\"cite-bracket\">[<\/span>3<span class=\"cite-bracket\">]<\/span><\/a><\/sup><\/p>\n<p style=\"padding-left: 40px;\">At some point, Serenicus departed Saulges and began to live near a <a title=\"Saint-C\u00e9neri-le-G\u00e9rei\" href=\"https:\/\/en.wikipedia.org\/wiki\/Saint-C%C3%A9neri-le-G%C3%A9rei\">village<\/a> in <a title=\"Orne\" href=\"https:\/\/en.wikipedia.org\/wiki\/Orne\">Orne<\/a> near the <a title=\"Sarthe (river)\" href=\"https:\/\/en.wikipedia.org\/wiki\/Sarthe_(river)\">Sarthe river<\/a>. He started accepting disciples and found a church dedicated to <a title=\"Martin of Tours\" href=\"https:\/\/en.wikipedia.org\/wiki\/Martin_of_Tours\">Martin of Tours<\/a> and an accompanying monastery. He ended up accepting a few disciples and built a church dedicated to Saint Martin of Tours and a monastic establishment.<sup id=\"cite_ref-City_Desert_3-1\" class=\"reference\"><a href=\"https:\/\/en.wikipedia.org\/wiki\/Serenicus#cite_note-City_Desert-3\"><span class=\"cite-bracket\">[<\/span>3<span class=\"cite-bracket\">]<\/span><\/a><\/sup> The church was completed by Bishop, and saint, Milehard de S\u00e9es.<sup id=\"cite_ref-Bargellini_1-1\" class=\"reference\"><a href=\"https:\/\/en.wikipedia.org\/wiki\/Serenicus#cite_note-Bargellini-1\"><span class=\"cite-bracket\">[<\/span>1<span class=\"cite-bracket\">]<\/span><\/a><\/sup><\/p>\n<p style=\"padding-left: 40px;\">It is said that after a long journey Serenicus settled in Orne, where he experienced a <a title=\"Miracle\" href=\"https:\/\/en.wikipedia.org\/wiki\/Miracle\">miracle<\/a> in answer to his <a title=\"Prayer\" href=\"https:\/\/en.wikipedia.org\/wiki\/Prayer\">prayer<\/a> for water to quench his thirst. According to legend a spring, located near the banks of the <a title=\"Sarthe (river)\" href=\"https:\/\/en.wikipedia.org\/wiki\/Sarthe_(river)\">Sarthe<\/a>, sprang up in answer to his prayer. It is believed that the <a title=\"Water\" href=\"https:\/\/en.wikipedia.org\/wiki\/Water\">water<\/a> from the spring has the ability to cure <a title=\"Eye\" href=\"https:\/\/en.wikipedia.org\/wiki\/Eye\">eye<\/a> problems.<sup id=\"cite_ref-tourisme_4-0\" class=\"reference\"><a href=\"https:\/\/en.wikipedia.org\/wiki\/Serenicus#cite_note-tourisme-4\"><span class=\"cite-bracket\">[<\/span>4<span class=\"cite-bracket\">]<\/span><\/a><\/sup><\/p>\n<p>This saint&#8217;s feast day is traditionally 7 May. Perhaps its position here at the beginning of February in the Kalendar represents an earlier or local tradition, if not a mistake of some kind.<\/p>\n<div id=\"attachment_19883\" style=\"width: 1034px\" class=\"wp-caption aligncenter\"><img aria-describedby=\"caption-attachment-19883\" loading=\"lazy\" class=\"wp-image-19883 size-large\" src=\"https:\/\/manuscriptevidence.org\/wpme\/wp-content\/uploads\/2025\/02\/St_ceneri1-1024x700.jpg\" alt=\"\" width=\"1024\" height=\"700\" srcset=\"https:\/\/manuscriptevidence.org\/wpme\/wp-content\/uploads\/2025\/02\/St_ceneri1-1024x700.jpg 1024w, https:\/\/manuscriptevidence.org\/wpme\/wp-content\/uploads\/2025\/02\/St_ceneri1-300x205.jpg 300w, https:\/\/manuscriptevidence.org\/wpme\/wp-content\/uploads\/2025\/02\/St_ceneri1-150x103.jpg 150w, https:\/\/manuscriptevidence.org\/wpme\/wp-content\/uploads\/2025\/02\/St_ceneri1-768x525.jpg 768w, https:\/\/manuscriptevidence.org\/wpme\/wp-content\/uploads\/2025\/02\/St_ceneri1.jpg 1056w\" sizes=\"(max-width: 1024px) 100vw, 1024px\" \/><p id=\"caption-attachment-19883\" class=\"wp-caption-text\">Saint-C\u00e9neri-le-G\u00e9rei, Orme, France. Church of Saint C\u00e9neri le G\u00e9rei, seen from the back. Photograph by Ratachwa, CC BY-SA 3.0 &lt;https:\/\/creativecommons.org\/licenses\/by-sa\/3.0&gt;, via Wikimedia.<\/p><\/div>\n<p>2) the <a href=\"https:\/\/en.wikipedia.org\/wiki\/Candlemas\" target=\"_blank\" rel=\"noopener\">Purification of the Blessed Mary<\/a>, that is, <a href=\"https:\/\/en.wikipedia.org\/wiki\/Mary,_mother_of_Jesus\" target=\"_blank\" rel=\"noopener\">Mary, Mother of Jesus<\/a> (born circa 18 BC\u2013 died after 33 AD), otherwise the Feast of <a href=\"https:\/\/en.wikipedia.org\/wiki\/Candlemas\" target=\"_blank\" rel=\"noopener\">Candlemas<\/a> \u2014 2 February<\/p>\n<p>3) Bishop <a href=\"https:\/\/en.wikipedia.org\/wiki\/Saint_Blaise\" target=\"_blank\" rel=\"noopener\">Blaise of Sebaste<\/a>, physician and bishop of Sebastea in historical Lesser Armenia or modern Sivas, Turkey (martyred 316 AD) \u2014 3 February<\/p>\n<ul>\n<li><a href=\"https:\/\/manuscriptevidence.org\/wpme\/a-part-leaf-from-the-life-of-saint-blaise\/\" target=\"_blank\" rel=\"noopener\">https:\/\/manuscriptevidence.org\/wpme\/a-part-leaf-from-the-life-of-saint-blaise\/<\/a><\/li>\n<\/ul>\n<p>4) <a href=\"https:\/\/en.wikipedia.org\/wiki\/Agatha_of_Sicily\" target=\"_blank\" rel=\"noopener\">Agatha of Sicily<\/a> (circa 231 \u2013 circa 251) \u2014 5 February<\/p>\n<p>5) the Merovingian <a href=\"https:\/\/en.wikipedia.org\/wiki\/Ansbert_of_Rouen\" target=\"_blank\" rel=\"noopener\">Ansbert of Rouen<\/a>, for a time Archbishop of Rouen (683 or 684 to circa 680) before being deposed (died circa 695) \u2014 9 February<\/p>\n<div id=\"attachment_19877\" style=\"width: 778px\" class=\"wp-caption aligncenter\"><img aria-describedby=\"caption-attachment-19877\" loading=\"lazy\" class=\"wp-image-19877 size-large\" src=\"https:\/\/manuscriptevidence.org\/wpme\/wp-content\/uploads\/2025\/02\/Baie_5_cathedrale_Rouen_Ansbert-768x1024.jpg\" alt=\"\" width=\"768\" height=\"1024\" srcset=\"https:\/\/manuscriptevidence.org\/wpme\/wp-content\/uploads\/2025\/02\/Baie_5_cathedrale_Rouen_Ansbert-768x1024.jpg 768w, https:\/\/manuscriptevidence.org\/wpme\/wp-content\/uploads\/2025\/02\/Baie_5_cathedrale_Rouen_Ansbert-225x300.jpg 225w, https:\/\/manuscriptevidence.org\/wpme\/wp-content\/uploads\/2025\/02\/Baie_5_cathedrale_Rouen_Ansbert-113x150.jpg 113w, https:\/\/manuscriptevidence.org\/wpme\/wp-content\/uploads\/2025\/02\/Baie_5_cathedrale_Rouen_Ansbert-1152x1536.jpg 1152w, https:\/\/manuscriptevidence.org\/wpme\/wp-content\/uploads\/2025\/02\/Baie_5_cathedrale_Rouen_Ansbert-1536x2048.jpg 1536w, https:\/\/manuscriptevidence.org\/wpme\/wp-content\/uploads\/2025\/02\/Baie_5_cathedrale_Rouen_Ansbert-scaled.jpg 1920w\" sizes=\"(max-width: 768px) 100vw, 768px\" \/><p id=\"caption-attachment-19877\" class=\"wp-caption-text\">Rouen Cathedral, Portrait of Bishop Ansbert in stained glass. Photograph (2012) by Giogo, CC BY-SA 3.0 &lt;https:\/\/creativecommons.org\/licenses\/by-sa\/3.0&gt;, via Wikimedia Commons<\/p><\/div>\n<p>6) the Merovingian <a href=\"https:\/\/en.wikipedia.org\/wiki\/Austrebertha\" target=\"_blank\" rel=\"noopener\">Austreberta of Pavilly<\/a> (circa 635 \u2013 704) \u2014 10 February<\/p>\n<p>About this saint, see, for example:<\/p>\n<p style=\"padding-left: 40px;\">Benedictine abbess; b. Th\u00e9rouanne, Artois, France <i>c.<\/i> 635; d. Abbey of Pavilly, Normandy, France, Feb. 10, 704. Her father, Badefridus, was apparently a member of the Merovingian royal family; her mother, Framehilda (d. <i>c.<\/i> 680), of German royal blood, was later honored as a saint and had a feast celebrated on May 17 at the Abbey of Sainte-Austreberta at Montreuil-sur-Mer. While Austreberta (Eustreberta) was still a young girl, her parents contracted her marriage, but she secretly took the veil in 655\u2013656 under the spiritual direction of Omer, Bishop of Th\u00e9rouanne. Shortly thereafter, with parental permission, she entered the abbey of Port-le-Grand in Ponthieu. She was prioress there for 14 years until Philibert, founder of Jumi\u00e8ges, persuaded her to become abbess of his foundation at Pavilly. Her relics were transferred to Montreuil-sur-Mer in the ninth century and were venerated also at the cathedral of Saint-Omer, but they were burned in 1793.<\/p>\n<p style=\"padding-left: 120px;\">via Encyclopedia.com: <a href=\"https:\/\/www.encyclopedia.com\/religion\/encyclopedias-almanacs-transcripts-and-maps\/austreberta-st\" target=\"_blank\" rel=\"noopener\">Austreberta, St.<\/a><\/p>\n<p>OR<\/p>\n<p style=\"padding-left: 40px;\"><b>Austrebertha<\/b> (Austreberta, Eustreberta, Austreberta of Pavilly; <a title=\"\" href=\"https:\/\/en.wikipedia.org\/wiki\/French_language\">French<\/a>: <i lang=\"fr\">Austreberthe<\/i>) (630\u2013February 10, 704) was a French nun of the Middle Ages, who took the veil very young, and became a <a title=\"Nun\" href=\"https:\/\/en.wikipedia.org\/wiki\/Nun\">nun<\/a> at the Port Monastery in the <a title=\"Ponthieu\" href=\"https:\/\/en.wikipedia.org\/wiki\/Ponthieu\">Ponthieu<\/a>. She became abbess to the foundation of <a href=\"https:\/\/en.wikipedia.org\/wiki\/Pavilly\">Pavilly<\/a>, where she died at the beginning of the eighth century, at 74. She is venerated as a saint in the <a class=\"mw-redirect\" title=\"Catholic\" href=\"https:\/\/en.wikipedia.org\/wiki\/Catholic\">Catholic<\/a> and <a title=\"Eastern Orthodox Church\" href=\"https:\/\/en.wikipedia.org\/wiki\/Eastern_Orthodox_Church\">Eastern Orthodox Churches<\/a>. Her feast day is February 10.<\/p>\n<p style=\"padding-left: 40px;\">The daughter of Saint Framechildis and the <a class=\"mw-redirect\" title=\"Count Palatine\" href=\"https:\/\/en.wikipedia.org\/wiki\/Count_Palatine\">Count Palatine<\/a> Badefrid, she was born about 630 in Th\u00e9rouanne, Pas-de-Calais. She refused to be part of an <a title=\"Arranged marriage\" href=\"https:\/\/en.wikipedia.org\/wiki\/Arranged_marriage\">arranged marriage<\/a> and in around 656 entered the Port-le-Grand Monastery in Ponthieu. She received the veil from <a title=\"Audomar\" href=\"https:\/\/en.wikipedia.org\/wiki\/Audomar\">Saint Omer<\/a> [died <abbr>circa <\/abbr>670] before founding another monastery in Marconne in Artois in the house of her parents. She later established a monastery at Pavilly.<\/p>\n<p style=\"padding-left: 120px;\">via Wikipedia<\/p>\n<p>7) <a href=\"https:\/\/en.wikipedia.org\/wiki\/Saint_Valentine\" target=\"_blank\" rel=\"noopener\">Saint Valentine<\/a> (circa 226 \u2013 circa 269) \u2014 14 February<\/p>\n<p>8) <a href=\"https:\/\/en.wikipedia.org\/wiki\/Juliana_of_Nicomedia\" target=\"_blank\" rel=\"noopener\">Juliana of Nicomedia<\/a> (circa 285 \u2013 circa 304) \u2014 16 February<\/p>\n<p>9) the <a href=\"https:\/\/en.wikipedia.org\/wiki\/Chair_of_Saint_Peter\" target=\"_blank\" rel=\"noopener\">Cathedra (Chair) of Saint Peter<\/a> (died AD 64\u201368), Apostle and first Pope or Bishop of Rome \u2014 22 February<\/p>\n<div id=\"attachment_19879\" style=\"width: 778px\" class=\"wp-caption aligncenter\"><img aria-describedby=\"caption-attachment-19879\" loading=\"lazy\" class=\"wp-image-19879 size-large\" src=\"https:\/\/manuscriptevidence.org\/wpme\/wp-content\/uploads\/2025\/02\/Chair_of_St-768x1024.jpg\" alt=\"\" width=\"768\" height=\"1024\" srcset=\"https:\/\/manuscriptevidence.org\/wpme\/wp-content\/uploads\/2025\/02\/Chair_of_St-768x1024.jpg 768w, https:\/\/manuscriptevidence.org\/wpme\/wp-content\/uploads\/2025\/02\/Chair_of_St-225x300.jpg 225w, https:\/\/manuscriptevidence.org\/wpme\/wp-content\/uploads\/2025\/02\/Chair_of_St-113x150.jpg 113w, https:\/\/manuscriptevidence.org\/wpme\/wp-content\/uploads\/2025\/02\/Chair_of_St-1152x1536.jpg 1152w, https:\/\/manuscriptevidence.org\/wpme\/wp-content\/uploads\/2025\/02\/Chair_of_St-1536x2048.jpg 1536w, https:\/\/manuscriptevidence.org\/wpme\/wp-content\/uploads\/2025\/02\/Chair_of_St-scaled.jpg 1920w\" sizes=\"(max-width: 768px) 100vw, 768px\" \/><p id=\"caption-attachment-19879\" class=\"wp-caption-text\">Vatican City, Basilica of Saint Peter, The Chair of St. Peter in 2024, exposed for the first time since 1867. Photograph by INFOWeather1 (2024) via Wikimedia Commons.<\/p><\/div>\n<p>10) <a href=\"https:\/\/en.wikipedia.org\/wiki\/Polycarp\" target=\"_blank\" rel=\"noopener\">Policarp<\/a>, Bishop of Smyrna (69\u2014155) \u2014 23 February<\/p>\n<p>2) <a href=\"https:\/\/en.wikipedia.org\/wiki\/Matthew_the_Apostle\" target=\"_blank\" rel=\"noopener\">Matthew, Apostle<\/a> (active 1st century AD) \u2014 <span style=\"color: #ff0000;\">00?<\/span> February [Although his feast day is customarily 21 September]<\/p>\n<p>*****<\/p>\n<div id=\"attachment_19881\" style=\"width: 1034px\" class=\"wp-caption alignnone\"><img aria-describedby=\"caption-attachment-19881\" loading=\"lazy\" class=\"wp-image-19881 size-large\" src=\"https:\/\/manuscriptevidence.org\/wpme\/wp-content\/uploads\/2025\/02\/February-Calendar-Leaf-recto-top-1-1024x643.jpg\" alt=\"\" width=\"1024\" height=\"643\" srcset=\"https:\/\/manuscriptevidence.org\/wpme\/wp-content\/uploads\/2025\/02\/February-Calendar-Leaf-recto-top-1-1024x643.jpg 1024w, https:\/\/manuscriptevidence.org\/wpme\/wp-content\/uploads\/2025\/02\/February-Calendar-Leaf-recto-top-1-300x188.jpg 300w, https:\/\/manuscriptevidence.org\/wpme\/wp-content\/uploads\/2025\/02\/February-Calendar-Leaf-recto-top-1-150x94.jpg 150w, https:\/\/manuscriptevidence.org\/wpme\/wp-content\/uploads\/2025\/02\/February-Calendar-Leaf-recto-top-1-768x482.jpg 768w, https:\/\/manuscriptevidence.org\/wpme\/wp-content\/uploads\/2025\/02\/February-Calendar-Leaf-recto-top-1-1536x964.jpg 1536w, https:\/\/manuscriptevidence.org\/wpme\/wp-content\/uploads\/2025\/02\/February-Calendar-Leaf-recto-top-1-2048x1285.jpg 2048w, https:\/\/manuscriptevidence.org\/wpme\/wp-content\/uploads\/2025\/02\/February-Calendar-Leaf-recto-top-1-80x50.jpg 80w\" sizes=\"(max-width: 1024px) 100vw, 1024px\" \/><p id=\"caption-attachment-19881\" class=\"wp-caption-text\">Waterloo, University of Waterloo, DRAGEN Lab, Saint Jerome&#8217;s University, Latin Kalendar Leaf for February, Recto, Top.<\/p><\/div>\n<p>*****<\/p>\n<p>Do you recognize these leaves? Do you know of other leaves from the same manuscripts?<\/p>\n<p>We would be glad to hear.<\/p>\n<p>Please leave your notes in the Comments here or <a href=\"https:\/\/manuscriptevidence.org\/wpme\/contact-us\" target=\"\" rel=\"noopener\">Contact Us<\/a>.<\/p>\n<p>Look for Part 2 in this series.<\/p>\n<ul>\n<li><a href=\"https:\/\/manuscriptevidence.org\/wpme\/a-leaf-with-latin-liturgical-chants-at-the-dragen-lab\/\" target=\"_blank\" rel=\"noopener\">A Leaf with Latin Liturgical Chants at the DRAGEN Lab<\/a><\/li>\n<\/ul>\n<p>*****<\/p>\n<p>&nbsp;<\/p>\n<p>&nbsp;<\/p>\n","protected":false},"excerpt":{"rendered":"<p>Medieval Manuscript Fragments at the DRAGEN Lab Part 1: Leaf of Latin Chants Part 1: Latin Kalendar Leaf for February from Northern France Mildred Budny [Posted on 5 April 2025, with an update of 7 November 2025] To accompany preparations for the 2025 RGME Autumn Colloquium at the University of Waterloo in November, we explore [&hellip;]<\/p>\n","protected":false},"author":2,"featured_media":19881,"comment_status":"open","ping_status":"open","sticky":false,"template":"","format":"standard","meta":{"_monsterinsights_skip_tracking":false,"_monsterinsights_sitenote_active":false,"_monsterinsights_sitenote_note":"","_monsterinsights_sitenote_category":0},"categories":[2777,678,2703],"tags":[2133,2781,7,2782,2711],"_links":{"self":[{"href":"https:\/\/manuscriptevidence.org\/wpme\/wp-json\/wp\/v2\/posts\/19871"}],"collection":[{"href":"https:\/\/manuscriptevidence.org\/wpme\/wp-json\/wp\/v2\/posts"}],"about":[{"href":"https:\/\/manuscriptevidence.org\/wpme\/wp-json\/wp\/v2\/types\/post"}],"author":[{"embeddable":true,"href":"https:\/\/manuscriptevidence.org\/wpme\/wp-json\/wp\/v2\/users\/2"}],"replies":[{"embeddable":true,"href":"https:\/\/manuscriptevidence.org\/wpme\/wp-json\/wp\/v2\/comments?post=19871"}],"version-history":[{"count":10,"href":"https:\/\/manuscriptevidence.org\/wpme\/wp-json\/wp\/v2\/posts\/19871\/revisions"}],"predecessor-version":[{"id":20891,"href":"https:\/\/manuscriptevidence.org\/wpme\/wp-json\/wp\/v2\/posts\/19871\/revisions\/20891"}],"wp:featuredmedia":[{"embeddable":true,"href":"https:\/\/manuscriptevidence.org\/wpme\/wp-json\/wp\/v2\/media\/19881"}],"wp:attachment":[{"href":"https:\/\/manuscriptevidence.org\/wpme\/wp-json\/wp\/v2\/media?parent=19871"}],"wp:term":[{"taxonomy":"category","embeddable":true,"href":"https:\/\/manuscriptevidence.org\/wpme\/wp-json\/wp\/v2\/categories?post=19871"},{"taxonomy":"post_tag","embeddable":true,"href":"https:\/\/manuscriptevidence.org\/wpme\/wp-json\/wp\/v2\/tags?post=19871"}],"curies":[{"name":"wp","href":"https:\/\/api.w.org\/{rel}","templated":true}]}}