{"id":13363,"date":"2020-07-04T18:31:56","date_gmt":"2020-07-04T18:31:56","guid":{"rendered":"http:\/\/manuscriptevidence.org\/wpme\/?p=13363"},"modified":"2022-07-12T04:12:26","modified_gmt":"2022-07-12T04:12:26","slug":"selbold-cartulary-fragments","status":"publish","type":"post","link":"https:\/\/manuscriptevidence.org\/wpme\/selbold-cartulary-fragments\/","title":{"rendered":"Selbold Cartulary Fragments"},"content":{"rendered":"<p>&nbsp;<\/p>\n<p><img loading=\"lazy\" class=\"alignright wp-image-13343 size-medium\" src=\"https:\/\/manuscriptevidence.org\/wpme\/wp-content\/uploads\/2020\/05\/wmark-symp-13-252x300.jpg\" alt=\"Grapes Watermark in a Selbold Cartulary Fragment.\" width=\"252\" height=\"300\" srcset=\"https:\/\/manuscriptevidence.org\/wpme\/wp-content\/uploads\/2020\/05\/wmark-symp-13-252x300.jpg 252w, https:\/\/manuscriptevidence.org\/wpme\/wp-content\/uploads\/2020\/05\/wmark-symp-13-126x150.jpg 126w, https:\/\/manuscriptevidence.org\/wpme\/wp-content\/uploads\/2020\/05\/wmark-symp-13.jpg 504w\" sizes=\"(max-width: 252px) 100vw, 252px\" \/><\/p>\n<h2 style=\"text-align: center;\">Selbold Cartulary Fragments<\/h2>\n<h2 style=\"text-align: center;\">3 Leaves on Paper<\/h2>\n<h3 style=\"text-align: center;\">Single columns of 38 lines<br \/>\nCirca 28.3 \u00d7 210 cm &lt; written area of circa 20.6 \u00d7 15.5 cm&gt;<br \/>\nPresumably <em>Stift<\/em> Selbold or its Region (Hessen) in Germany<br \/>\nLate 14th or early 15th Century<br \/>\nWatermark of Grape Cluster<\/h3>\n<p>[<em>Posted on 3 July 2020, with updates<\/em>]<\/p>\n<p>Continuing our blog on <em>Manuscript Studies<\/em> (see its <a href=\"https:\/\/manuscriptevidence.org\/wpme\/manuscript-studies-contents-list\" target=\"_blank\" rel=\"noopener\">Contents List<\/a>), we publish images and descriptions of <span style=\"font-family: Georgia;\"> a set of three leaves from the dismembered paper copy of a Latin <a href=\"https:\/\/en.wikipedia.org\/wiki\/Cartulary\" target=\"_blank\" rel=\"noopener\">cartulary<\/a> (or <em>codex diplomaticus<\/em> or <a href=\"https:\/\/de.wikipedia.org\/wiki\/Kopialbuch\" target=\"_blank\" rel=\"noopener\">Kopialbuch<\/a>, in Latin and German) of the former <a href=\"https:\/\/en.wikipedia.org\/wiki\/Premonstratensians\" target=\"_blank\" rel=\"noopener\">Premonstratensian<\/a> monastery-and-then-abbey of <span class=\"il\">Selbold in Hessen, Germany.\u00a0 The set presents a now-disrupted series of uniform transcriptions in book form of individual dated documents issued by ecclesiastical and secular rulers confirming, or reconfirming, rights and privileges pertaining to that institution and its dependencies.<br \/>\n<\/span><\/span><\/p>\n<p><span style=\"font-family: Georgia;\"><span class=\"il\">Purchased from <a href=\"http:\/\/stores.mackusco.net\/\" target=\"_blank\" rel=\"noopener\">Boyd Mackus<\/a> in the United States some years ago and now in a private collection, the fragments comprise 1 single leaf and 1 bifolium.\u00a0 We identify them here as folios &#8220;1&#8221; and &#8220;2\u20133&#8221;, using inverted commas or quotation marks to indicate a non-original sequence and location within the former volume.\u00a0 Written by a single scribe with a uniform layout, the leaves contain a late-medieval copy of the texts of 8 documents (not all complete) issued by various authorities in a range from the 12th to 14th centuries.\u00a0 Upon the original pages, even apart from the subsequent disruptions to the text through dispersal of leaves, the transcriptions are set out in sequences that are only partly chronological according to the issued dates of the documents.<br \/>\n<\/span><\/span><\/p>\n<p>Written in ink with elements of red pigment, the text is laid out on the leaves in single columns of 38 lines.\u00a0 One leaf has a watermark.<\/p>\n<p>These leaves deserve to be considered in the contexts not only of the transmission of the documents which they represent, but also of the preservation and circulation of Selbold Cartularies or <em>Kopialbucher<\/em>, insofar as they are known or survive.\u00a0 Here we distinguish in <span style=\"color: #ff0000;\">red<\/span> such historical records as the <span style=\"color: #ff0000;\">Selbold Cartulary Fragment(s)<\/span><span style=\"color: #ff0000;\"><span style=\"color: #000000;\"> showcased here, on the one hand, and, on the other hand, one or more <span style=\"color: #ff0000;\">Selbold Kopialbuche<\/span> (or <span style=\"color: #ff0000;\">Copialbuche<\/span>) reported in German by various observers.\u00a0 We indicate one or other of those\u00a0 books known to have survived to the early modern or modern periods, but subsequently lost, or presumed to be lost, by a prefixed asterisk (<strong><span style=\"color: #ff0000;\">*<\/span><\/strong>). Also recorded in some notices or copies thereof is a late-medieval <span style=\"color: #ff0000;\">[*]<em>Liber privilegiorum et libertatum ecclesie Selboldensis<\/em><span style=\"color: #000000;\"> (&#8220;Book of the Privileges and Rights of the Church of Selbold&#8221;), presumed to be lost.<br \/>\n<\/span><\/span><\/span><\/span><\/p>\n<p><span style=\"color: #ff0000;\"><span style=\"color: #000000;\">Among the challenges, we might wonder to what extent one or other of those recorded\u00a0 <span style=\"color: #ff0000;\">[*]Selbolder Kopialbucher<\/span><span style=\"color: #ff0000;\"><span style=\"color: #000000;\"> corresponds to this dismembered one.\u00a0 This post includes some detailed examinations of published editions of its texts and related texts.\u00a0 <\/span><\/span><\/span><\/span><span style=\"color: #ff0000;\"><span style=\"color: #000000;\"><span style=\"color: #ff0000;\"><span style=\"color: #000000;\">Why this detailed work is useful, and can yield strikingly significant results even for only a few leaves from a dispersed manuscript otherwise inaccessible, is revealed in the <strong>PostScript<\/strong>.\u00a0 <\/span><\/span><\/span><\/span><\/p>\n<p><span style=\"color: #ff0000;\"><span style=\"color: #000000;\"><span style=\"color: #ff0000;\"><span style=\"color: #000000;\">The subtitle for this post could be <strong>Manuscript Studies in a Time of Bibliographical &#8216;Lock-Down&#8217;<\/strong>.\u00a0 [<em>Now see also the<\/em> <strong>Addendum<\/strong> <em>below<\/em>.]<br \/>\n<\/span><\/span><\/span><\/span><\/p>\n<p><!--more--><\/p>\n<h2>Selbold (or Langen-Selbold) in Hessen<\/h2>\n<div id=\"attachment_13380\" style=\"width: 204px\" class=\"wp-caption alignleft\"><img aria-describedby=\"caption-attachment-13380\" loading=\"lazy\" class=\"wp-image-13380 size-medium\" src=\"https:\/\/manuscriptevidence.org\/wpme\/wp-content\/uploads\/2020\/05\/Fotothek_df_roe-neg_0006470_029_Stifterfigur_Graf_Dietmar_im_Naumburger_Dom_St-194x300.jpg\" alt=\"Stifterfigur Graf Dietmar im Naumburger Dom St. Peter und Paul (1953). Deutsche Fotothek of the Saxon State Library \/ State and University Library Dresden (SLUB). Via Wikimedia Commons.\" width=\"194\" height=\"300\" srcset=\"https:\/\/manuscriptevidence.org\/wpme\/wp-content\/uploads\/2020\/05\/Fotothek_df_roe-neg_0006470_029_Stifterfigur_Graf_Dietmar_im_Naumburger_Dom_St-194x300.jpg 194w, https:\/\/manuscriptevidence.org\/wpme\/wp-content\/uploads\/2020\/05\/Fotothek_df_roe-neg_0006470_029_Stifterfigur_Graf_Dietmar_im_Naumburger_Dom_St-97x150.jpg 97w, https:\/\/manuscriptevidence.org\/wpme\/wp-content\/uploads\/2020\/05\/Fotothek_df_roe-neg_0006470_029_Stifterfigur_Graf_Dietmar_im_Naumburger_Dom_St.jpg 529w\" sizes=\"(max-width: 194px) 100vw, 194px\" \/><p id=\"caption-attachment-13380\" class=\"wp-caption-text\">Naumburg Cathedral, Donor Figure of Graf Dietmar (photograph of 1953). Deutsche Fotothek of the SLUB. Via Wikimedia Commons.<\/p><\/div>\n<p>Selbold (modern <a href=\"https:\/\/de.wikipedia.org\/wiki\/Langenselbold\" target=\"_blank\" rel=\"noopener\">Langenselbold<\/a>) is a town in the Main-Kinzig district in <a title=\"Hessen\" href=\"https:\/\/de.wikipedia.org\/wiki\/Hessen\">Hessen<\/a>. It is situated on the River Kinzig, 10 km east of <a href=\"https:\/\/en.wikipedia.org\/wiki\/Hanau\" target=\"_blank\" rel=\"noopener\">Hanau<\/a>.\u00a0 The oldest surviving documentary reference to the place dates to 1108 CE, when <a href=\"https:\/\/de.wikipedia.org\/wiki\/Kloster_Selbold\" target=\"_blank\" rel=\"noopener\">Kloster Selbold<\/a> (likewise examined <a href=\"http:\/\/dictionary.sensagent.com\/Kloster%20Selbold\/de-de\/\" target=\"_blank\" rel=\"noopener\">here<\/a>) was founded by Graf Dietmar of Selbold, founder of the aristocratic dynasty of\u00a0<i><a title=\"Selbold-Gelnhausen\" href=\"https:\/\/de.wikipedia.org\/wiki\/Selbold-Gelnhausen\"> Selbold-Gelnhausen<\/a><\/i>.\u00a0 The dynasty continued to have links with the monastery:\u00a0 &#8220;Die Gr\u00fcnderfamilie des Grafen Dietmar wurde \u00fcber die <a title=\"B\u00fcdingen (Adelsgeschlecht)\" href=\"https:\/\/de.wikipedia.org\/wiki\/B%C3%BCdingen_(Adelsgeschlecht)\">Herren von B\u00fcdingen<\/a> schlie\u00dflich von den <a title=\"Isenburg (Adelsgeschlecht)\" href=\"https:\/\/de.wikipedia.org\/wiki\/Isenburg_(Adelsgeschlecht)\">Isenburgern<\/a> beerbt, auch hinsichtlich der <a title=\"Vogt\" href=\"https:\/\/de.wikipedia.org\/wiki\/Vogt#Kirchenv\u00f6gte\">Stiftsvogtei<\/a>&#8220;.<\/p>\n<p>Landmarks in the history of the monastery (surveyed in <a href=\"http:\/\/www.schloss-langenselbold.de\/index.php?id=45\" target=\"_blank\" rel=\"noopener\" class=\"broken_link\">Schloss Langenselbold<\/a>) include the papal permission for the foundation of a monastery for <a href=\"https:\/\/www.encyclopedia.com\/religion\/encyclopedias-almanacs-transcripts-and-maps\/canons-regular-st-augustine\" target=\"_blank\" rel=\"noopener\">Augustinian canons<\/a> at Selbold in 1108; its conversion to the <a href=\"https:\/\/en.wikipedia.org\/wiki\/Premonstratensians\" target=\"_blank\" rel=\"noopener\">Premonstratensian<\/a> Order in 1139; its elevation to the stature of an abbey in 1343 under Abbot Johannes von Pr\u00e8montr\u00e8; its plundering by Grafs Heinrich and Johann von Isenburg in 1372; its plundering and devastation during the\u00a0<a href=\"https:\/\/en.wikipedia.org\/wiki\/German_Peasants%27_War\" target=\"_blank\" rel=\"noopener\">German Peasants&#8217; Revolt<\/a> in 1525; and the disbanding of the monastery in 1543, when the last abbot, Konrad J\u00e4ger, handed it over to Graf <a href=\"https:\/\/de.wikipedia.org\/wiki\/Anton_von_Isenburg-B%C3%BCdingen_zu_Ronneburg\" target=\"_blank\" rel=\"noopener\">Anton von Isenburg-B\u00fcdingen<\/a> (or <a href=\"https:\/\/www.geni.com\/people\/Anton-Graf-von-Isenburg-B%C3%BCdingen-in-Kelsterbach\/6000000006727790555\" target=\"_blank\" rel=\"noopener\">Graf Anton I von Isenburg-B\u00fcdingen<\/a>) (1501\u20131560).<\/p>\n<p>The <a href=\"https:\/\/en.wikipedia.org\/wiki\/Premonstratensians\" target=\"_blank\" rel=\"noopener\">Premonstratensian<\/a> monastery of Selbold was disbanded in 1543.\u00a0 Earlier forms of the place-name include <em>Selbolt<\/em>, by which name parts of the fragments refer to it.\u00a0 Perhaps needless to say, its documents and its cartularies (in one and another copy), report the names of numerous locations in its region as part and parcel of the historical record.<\/p>\n<h2>The <span style=\"color: #ff0000;\">Cartulary Fragment<\/span><\/h2>\n<p>The principal entries on the fragments reproduces the texts of privileges for the monastery, abbey, or <em>Stift<\/em> of Selbold in codex form.\u00a0 They transcribe documents whose dates of issue are said in accompanying modern notes to range from 1143 to the reign of <a href=\"https:\/\/en.wikipedia.org\/wiki\/Charles_IV,_Holy_Roman_Emperor\" target=\"_blank\" rel=\"noopener\">Karl IV<\/a> (1316\u20131378), King of Bohemia and Holy Roman Emperor (&#8220;HRI&#8221;), who reigned as HRI 1355\u20131378.\u00a0 A note upon its page dates the last document in the fragment, which breaks off abruptly before a dating clause, to 1363.<\/p>\n<div id=\"attachment_13899\" style=\"width: 212px\" class=\"wp-caption alignleft\"><img aria-describedby=\"caption-attachment-13899\" loading=\"lazy\" class=\"size-medium wp-image-13899\" src=\"https:\/\/manuscriptevidence.org\/wpme\/wp-content\/uploads\/2020\/07\/Charles_IV-John_Ocko_votive_picture-fragment-202x300.jpg\" alt=\"Prague, National Gallery, Anonymous, Votive Panel, in Tempera on Wood, of Jan O\u010dko of Vla\u0161im, before 1371. Detail: Charles IV. Image via Wikimedia Commons.\" width=\"202\" height=\"300\" srcset=\"https:\/\/manuscriptevidence.org\/wpme\/wp-content\/uploads\/2020\/07\/Charles_IV-John_Ocko_votive_picture-fragment-202x300.jpg 202w, https:\/\/manuscriptevidence.org\/wpme\/wp-content\/uploads\/2020\/07\/Charles_IV-John_Ocko_votive_picture-fragment-101x150.jpg 101w, https:\/\/manuscriptevidence.org\/wpme\/wp-content\/uploads\/2020\/07\/Charles_IV-John_Ocko_votive_picture-fragment-768x1143.jpg 768w, https:\/\/manuscriptevidence.org\/wpme\/wp-content\/uploads\/2020\/07\/Charles_IV-John_Ocko_votive_picture-fragment-688x1024.jpg 688w, https:\/\/manuscriptevidence.org\/wpme\/wp-content\/uploads\/2020\/07\/Charles_IV-John_Ocko_votive_picture-fragment.jpg 2045w\" sizes=\"(max-width: 202px) 100vw, 202px\" \/><p id=\"caption-attachment-13899\" class=\"wp-caption-text\">Prague, National Gallery, Anonymous, Votive Panel, in Tempera on Wood, of Jan O\u010dko of Vla\u0161im, before 1371. Detail: Charles IV. Image via Wikimedia Commons.<\/p><\/div>\n<p>Selbold cartularies, in one form or version or another, as well as the individual documents relating to the monastery of Selbold and its holdings, have been studied with some intensity.\u00a0 (See below.)<\/p>\n<p>The fragment itself has several pencil notes which refer \u2014 in summary form\u00a0\u2014 to editions by different scholars.<\/p>\n<h3>The Companion Note<\/h3>\n<p>A &#8220;Companion Note&#8221; on a sheet of paper from the seller (shown here below) provides typescript information in 6 short lines in German about the fragments and their text. For example, it calls the item a set of <em>Bruchst\u00fccke eines Diplomatarium mit Privilegien f\u00fcr das Stift Selbold<\/em> (&#8220;Fragments of a <em>Diplomatarium<\/em> with Privileges for <em>Stift<\/em> Selbold&#8221;), observes that it dates from the <em>sp\u00e4tes 14. od.<\/em>[<em>er<\/em>]<em> fr\u00fches 15. J<\/em>[<em>ahr<\/em>]<em>h<\/em>[<em>undert<\/em>] (&#8220;the late 14th or early 15th century&#8221;), and declares that its texts or &#8220;pieces&#8221; (<em>St\u00fccken<\/em>) come from the years &#8220;1143, 1151, 1217, 1236, 1296, 1363&#8221;.<\/p>\n<p>The term <em>Diplomatarium<\/em> (&#8220;repository <em>or<\/em> archive for <em>diplomata,<\/em> or <a href=\"https:\/\/en.wiktionary.org\/wiki\/diploma\" target=\"_blank\" rel=\"noopener\">diplomas<\/a>&#8220;) may mean that the unit undergoing dismemberment somehow carried that name, say as title, or was regarded as one.\u00a0 The format of the fragments establishes that its character as repository comprises copies of documents, not \u2014 at least in this portion \u2014 the documents themselves.<\/p>\n<p>None of the references which I have found in other sources, such as editions, to a cartulary\u00a0 \u2014 or the like, with documents in book form\u00a0\u2014 from Selbold uses this term.\u00a0 Might applying <em>Diplomatarium<\/em> to this fragment (or set of fragments) for sale constitute another sign of endeavoring to mask the true nature, title, and origin of the piecemeal offerings?\u00a0 On balance, in the light of available evidence, I am inclined to regard that supposition as very likely.<\/p>\n<p>A pair of additions written in blue ink in a continental European hand label the leaves as &#8220;manuscript fragments&#8221; (<em>Hs. Fragmente<\/em>) and provide the number (<em>Nr. 63<\/em>) of some series or other.\u00a0 An addition in pencil in the upper right corner provides the price in an unspecified currency.<\/p>\n<p>This leaf must have come from the seller&#8217;s German source for the item, directly or indirectly.<\/p>\n<div id=\"attachment_13379\" style=\"width: 736px\" class=\"wp-caption aligncenter\"><img aria-describedby=\"caption-attachment-13379\" loading=\"lazy\" class=\"wp-image-13379 size-full\" src=\"https:\/\/manuscriptevidence.org\/wpme\/wp-content\/uploads\/2020\/05\/Note-accompanying-Selbold-Fragments.jpg\" alt=\"Note accompanying the Selbold Cartulary Fragments.\" width=\"726\" height=\"748\" srcset=\"https:\/\/manuscriptevidence.org\/wpme\/wp-content\/uploads\/2020\/05\/Note-accompanying-Selbold-Fragments.jpg 726w, https:\/\/manuscriptevidence.org\/wpme\/wp-content\/uploads\/2020\/05\/Note-accompanying-Selbold-Fragments-146x150.jpg 146w, https:\/\/manuscriptevidence.org\/wpme\/wp-content\/uploads\/2020\/05\/Note-accompanying-Selbold-Fragments-291x300.jpg 291w\" sizes=\"(max-width: 726px) 100vw, 726px\" \/><p id=\"caption-attachment-13379\" class=\"wp-caption-text\">Note accompanying the Selbold Cartulary Fragments.<\/p><\/div>\n<h3>The Provenance or Implied Provenance<\/h3>\n<p>This <span style=\"color: #ff0000;\">Selbold Cartulary Fragment<\/span> came to its current collection perhaps, at some removes, from <a href=\"https:\/\/web.archive.org\/web\/20201205145613\/https:\/\/www.frankfurt-rhein-main.de\/en\/Region\/Wetterau-District\/Castle-of-Buedingen\" target=\"_blank\" rel=\"noopener\">Schloss B\u00fcdingen<\/a> (or <a href=\"https:\/\/de.wikipedia.org\/wiki\/Schloss_B%C3%BCdingen\" target=\"_blank\" rel=\"noopener\">Schloss B\u00fcdingen<\/a>) in <a href=\"https:\/\/de.wikipedia.org\/wiki\/B%C3%BCdingen\" target=\"_blank\" rel=\"noopener\">B\u00fcdingen<\/a> in Hessen.\u00a0 This edifice served as the Residence of the <a title=\"Isenburg (Adelsgeschlecht)\" href=\"https:\/\/de.wikipedia.org\/wiki\/Isenburg_(Adelsgeschlecht)\" target=\"_blank\" rel=\"noopener\">Grafschaft Isenburg<\/a>.<\/p>\n<p>According to the present collector&#8217;s recollection (in correspondence), the fragments are &#8220;presumably from the dregs of that collection, like the rest of what the seller had in the way of cheap German material&#8221;, and the &#8220;documentation&#8221; (on the sheet illustrated above) accompanying the sale was in &#8220;similar style and handwriting, as from the same source&#8221;.\u00a0 One might presume &#8220;that the Schloss collection was where a lot of the local material wound up when the institutions were secularized or dissolved&#8221;.<\/p>\n<div id=\"attachment_13383\" style=\"width: 810px\" class=\"wp-caption aligncenter\"><img aria-describedby=\"caption-attachment-13383\" loading=\"lazy\" class=\"wp-image-13383 size-full\" src=\"https:\/\/manuscriptevidence.org\/wpme\/wp-content\/uploads\/2020\/05\/Schloss_Buedingen_aussen.jpg\" alt=\"Schloss B\u00fcdingen seen from the Schlosspark. Photograph by Hadig 2004. Via Wikimedia Commons. \" width=\"800\" height=\"600\" srcset=\"https:\/\/manuscriptevidence.org\/wpme\/wp-content\/uploads\/2020\/05\/Schloss_Buedingen_aussen.jpg 800w, https:\/\/manuscriptevidence.org\/wpme\/wp-content\/uploads\/2020\/05\/Schloss_Buedingen_aussen-150x113.jpg 150w, https:\/\/manuscriptevidence.org\/wpme\/wp-content\/uploads\/2020\/05\/Schloss_Buedingen_aussen-300x225.jpg 300w, https:\/\/manuscriptevidence.org\/wpme\/wp-content\/uploads\/2020\/05\/Schloss_Buedingen_aussen-768x576.jpg 768w\" sizes=\"(max-width: 800px) 100vw, 800px\" \/><p id=\"caption-attachment-13383\" class=\"wp-caption-text\">Schloss B\u00fcdingen seen from the Schlosspark. Photograph by Hadig 2004. Via Wikimedia Commons.<\/p><\/div>\n<h2>Isenburg, Ysenburg, B\u00fcdingen, Birstein<\/h2>\n<p>In examining the contents and the potential provenance of the <span style=\"color: #ff0000;\">Selbold Cartulary Fragment<\/span>, it is useful to keep in mind the complex interconnections, subdivisions, and influences of the aristocratic <strong>House of Isenburg<\/strong> through the centuries, along with its documentary records and domains.\u00a0 Brief accounts in English or German survey such aspects for consideration in terms of regions and dynasties as:<\/p>\n<ul>\n<li><a href=\"https:\/\/en.wikipedia.org\/wiki\/County_of_Isenburg\" target=\"_blank\" rel=\"noopener\">County of Isenburg<\/a><\/li>\n<li><a href=\"https:\/\/de.wikipedia.org\/wiki\/Isenburg_(Adelsgeschlecht)\" target=\"_blank\" rel=\"noopener\">Isenburg (Adelsgeschlecht)<\/a><\/li>\n<li><a href=\"https:\/\/de.wikipedia.org\/wiki\/Isenburg-B%C3%BCdingen\" target=\"_blank\" rel=\"noopener\">Isenburg-B\u00fcdingen<\/a><\/li>\n<\/ul>\n<p>For example, under the first heading (<a href=\"https:\/\/en.wikipedia.org\/wiki\/County_of_Isenburg\" target=\"_blank\" rel=\"noopener\">County of Isenburg<\/a>), we learn that:<\/p>\n<p style=\"padding-left: 30px;\">The <b>House of Isenburg<\/b> was an old aristocratic family of medieval Germany, named after the castle of <a title=\"Isenburg, Rhineland-Palatinate\" href=\"https:\/\/en.wikipedia.org\/wiki\/Isenburg,_Rhineland-Palatinate\">Isenburg<\/a> in <a title=\"Rhineland-Palatinate\" href=\"https:\/\/en.wikipedia.org\/wiki\/Rhineland-Palatinate\">Rhineland-Palatinate<\/a>. Occasionally referred to as the House of Rommersdorf before the 12th century, the house originated in the Hessian <em>comitatus<\/em> of the Niederlahngau in the 10th century. It partitioned into the lines of Isenburg\u2013Isenburg and Isenburg\u2013Limburg\u2013Covern in 1137, before partitioning again into smaller units, but by 1500 only the lines of Isenburg\u2013B\u00fcdingen (in Upper Isenburg) and Lower Isenburg remained. In 1664 the Lower Isenburg branch died out. The B\u00fcdingen line continued to partition, and by the beginning of the 19th century the lines of Isenburg\u2013B\u00fcdingen, Isenburg\u2013Birstein, Isenburg\u2013Meerholz and Isenburg\u2013W\u00e4chtersbach existed. Today still exist the (Roman Catholic) princes of Isenburg (at <a title=\"Birstein\" href=\"https:\/\/en.wikipedia.org\/wiki\/Birstein\">Birstein<\/a>), the (Lutheran) princes of Ysenburg (at <a title=\"B\u00fcdingen\" href=\"https:\/\/en.wikipedia.org\/wiki\/B%C3%BCdingen\">B\u00fcdingen<\/a> and <a title=\"Ronneburg, Hesse\" href=\"https:\/\/en.wikipedia.org\/wiki\/Ronneburg,_Hesse\">Ronneburg<\/a>) and the (Lutheran) counts of Ysenburg\u2013Philippseich.<\/p>\n<p>While here, we take note of the current locations for the Roman Catholic or Lutheran princes respectively of Isenburg at <a title=\"Birstein\" href=\"https:\/\/en.wikipedia.org\/wiki\/Birstein\">Birstein<\/a> and of Ysenburg at <a title=\"B\u00fcdingen\" href=\"https:\/\/en.wikipedia.org\/wiki\/B%C3%BCdingen\">B\u00fcdingen<\/a>.<\/p>\n<p>During the upheavals of the <a href=\"https:\/\/en.wikipedia.org\/wiki\/Reformation\" target=\"_blank\" rel=\"noopener\">Reformation<\/a> in Germany, different factions, interest-groups, and spheres of influence may have sought to gather earlier records and\/or make copies of them for consultation and preservation, in the midst of dispersals or redistributions.\u00a0 Such efforts and activities appear to have affected the patterns of transmission of the cartulary records of Selbold, and to have partly interfered with the recognition of those patterns and their effects.<\/p>\n<h2>The <span style=\"color: #ff0000;\">Selbold Cartulary Fragment(s)<\/span><\/h2>\n<p>The leaves measure at the most circa 28.3 \u00d7 210 cm, with a written area of 20.6 \u00d7 15.5 cm.\u00a0 Laid out in single columns of 39 lines, the text is written in brown script by a single scribe, with embellishment in red pigment.\u00a0 The red pigment builds up the enlarged 2-line or 3-line initials of the copied documents, as well as the strokes which highlight and emphasize initials of phrases and names.<\/p>\n<h4>The Added Notations<\/h4>\n<div id=\"attachment_13370\" style=\"width: 234px\" class=\"wp-caption alignleft\"><img aria-describedby=\"caption-attachment-13370\" loading=\"lazy\" class=\"size-medium wp-image-13370\" src=\"https:\/\/manuscriptevidence.org\/wpme\/wp-content\/uploads\/2020\/05\/Selbold-2-verso-224x300.jpg\" alt=\"Private Collection, Selbold Cartulary Fragment, Folio 2 verso.\" width=\"224\" height=\"300\" srcset=\"https:\/\/manuscriptevidence.org\/wpme\/wp-content\/uploads\/2020\/05\/Selbold-2-verso-224x300.jpg 224w, https:\/\/manuscriptevidence.org\/wpme\/wp-content\/uploads\/2020\/05\/Selbold-2-verso-112x150.jpg 112w, https:\/\/manuscriptevidence.org\/wpme\/wp-content\/uploads\/2020\/05\/Selbold-2-verso-768x1031.jpg 768w, https:\/\/manuscriptevidence.org\/wpme\/wp-content\/uploads\/2020\/05\/Selbold-2-verso-763x1024.jpg 763w, https:\/\/manuscriptevidence.org\/wpme\/wp-content\/uploads\/2020\/05\/Selbold-2-verso.jpg 848w\" sizes=\"(max-width: 224px) 100vw, 224px\" \/><p id=\"caption-attachment-13370\" class=\"wp-caption-text\">Private Collection, Selbold Cartulary Fragment, Folio 2 verso.<\/p><\/div>\n<div id=\"attachment_13373\" style=\"width: 234px\" class=\"wp-caption alignright\"><img aria-describedby=\"caption-attachment-13373\" loading=\"lazy\" class=\"wp-image-13373 size-medium\" src=\"https:\/\/manuscriptevidence.org\/wpme\/wp-content\/uploads\/2020\/05\/Selbold-2-recto-224x300.jpg\" alt=\"Private Collection, Selbold Cartulary Fragment, Folio 2 recto.\" width=\"224\" height=\"300\" srcset=\"https:\/\/manuscriptevidence.org\/wpme\/wp-content\/uploads\/2020\/05\/Selbold-2-recto-224x300.jpg 224w, https:\/\/manuscriptevidence.org\/wpme\/wp-content\/uploads\/2020\/05\/Selbold-2-recto-112x150.jpg 112w, https:\/\/manuscriptevidence.org\/wpme\/wp-content\/uploads\/2020\/05\/Selbold-2-recto-768x1031.jpg 768w, https:\/\/manuscriptevidence.org\/wpme\/wp-content\/uploads\/2020\/05\/Selbold-2-recto-763x1024.jpg 763w, https:\/\/manuscriptevidence.org\/wpme\/wp-content\/uploads\/2020\/05\/Selbold-2-recto.jpg 848w\" sizes=\"(max-width: 224px) 100vw, 224px\" \/><p id=\"caption-attachment-13373\" class=\"wp-caption-text\">Private Collection, Selbold Cartulary Fragment, Folio 2 recto.<\/p><\/div>\n<p>In the margins and within some lines there stand some annotations.\u00a0 Several cursive annotations in dark brown ink appear to be late medieval or early modern (on the bifolium of folios &#8220;2&#8221; and &#8220;3&#8221; r\u2013v). In the margins they signal, for example, some place-names in the text, as with <em>Grinda<\/em> (on folio &#8220;2&#8221;v) and both <em>Selbolder<\/em> and <a href=\"https:\/\/de.wikipedia.org\/wiki\/Hattenheim\" target=\"_blank\" rel=\"noopener\"><em>Hattenheim<\/em><\/a> (on folio &#8220;3&#8221;v).\u00a0 One entry (folio &#8220;3&#8221;r) appears to be, or to include, a cypher of some sort.<\/p>\n<p>The others, written in bright red ink and in pencil, are modern.<\/p>\n<p>The entries in red ink stand mostly in the outer margins, but also underline a name of interest within the text of one document (folio &#8220;2&#8221; v).\u00a0 They note the dates of the documents\u00a0\u2014 in arabic numerals for the year and the day, and with the word in German for the month\u00a0\u2014 in a single line in the outer margin, usually opposite the first line of the document. On folio &#8220;1&#8221;, however, that form of entry ignores the opening of the document at the top of the recto, and stands instead opposite the first line of the continuation of its text onto the verso, where is found the dating clause.\u00a0 Entries in the same <span style=\"color: #ff0000;\">red<\/span> pigment and script signal some personal names, as with <span style=\"color: #ff0000;\">Heinrich von Havelberg<\/span> in the upper margin above the document of 15 March 1151 (folio &#8220;1&#8221; r) and <span style=\"color: #ff0000;\">Gerlacus de B\u00fcdingen!<span style=\"color: #000000;\"> \u2014 with exclamation, pl<\/span><\/span>us wavy underline for the name within the text itself\u00a0\u2014 within the first of 2 documents of 15 August 1217 (folio &#8220;2&#8221; v).<\/p>\n<div id=\"attachment_13419\" style=\"width: 1018px\" class=\"wp-caption aligncenter\"><img aria-describedby=\"caption-attachment-13419\" loading=\"lazy\" class=\"wp-image-13419 size-full\" src=\"https:\/\/manuscriptevidence.org\/wpme\/wp-content\/uploads\/2020\/05\/Selbold-fol-1r-upper.jpg\" alt=\"Selbold Cartulary Fragment, folio &quot;1&quot; recto upper portion. Text 1: Archbishop Heinrich I of Mainz, 25 May 1151.\" width=\"1008\" height=\"464\" srcset=\"https:\/\/manuscriptevidence.org\/wpme\/wp-content\/uploads\/2020\/05\/Selbold-fol-1r-upper.jpg 1008w, https:\/\/manuscriptevidence.org\/wpme\/wp-content\/uploads\/2020\/05\/Selbold-fol-1r-upper-150x69.jpg 150w, https:\/\/manuscriptevidence.org\/wpme\/wp-content\/uploads\/2020\/05\/Selbold-fol-1r-upper-300x138.jpg 300w, https:\/\/manuscriptevidence.org\/wpme\/wp-content\/uploads\/2020\/05\/Selbold-fol-1r-upper-768x354.jpg 768w\" sizes=\"(max-width: 1008px) 100vw, 1008px\" \/><p id=\"caption-attachment-13419\" class=\"wp-caption-text\">Selbold Cartulary Fragment, folio &#8220;1&#8221; recto upper portion. Text 1: Archbishop Heinrich I of Mainz, 25 May 1151.<\/p><\/div>\n<p>Sometimes the red entry appears to get the date wrong, as might be the case with the second document (lowest on folio &#8220;1&#8221;v) and the last document (lowest on folio &#8220;3&#8221; v), for which latter the pencil entry lower down, rising diagonally to the right, is apparently correct.\u00a0 (Perhaps the result of new information in the progression of the research?)\u00a0 Likewise, the red note naming <span style=\"color: #ff0000;\">Heinrich von Havelberg<\/span> in the upper margin of folio &#8220;1&#8221;r perhaps conflates <a href=\"https:\/\/en.wikipedia.org\/wiki\/Henry_I_(archbishop_of_Mainz)\" target=\"_blank\" rel=\"noopener\">Heinrich I, Archbishop of Mainz<\/a>, named in the document, with his assistant in early years, the Premonstratensian <a href=\"http:\/\/de.wikipedia.org\/wiki\/Anselm_von_Havelberg\" target=\"_blank\" rel=\"noopener\">Anselm of Havelberg<\/a> (circa 1100 \u2013 1158), who became Bishop of Havelberg and then <a href=\"https:\/\/en.wikipedia.org\/wiki\/Bishop_of_Ravenna\" target=\"_blank\" rel=\"noopener\">Archbishop of Ravenna<\/a> (1155\u20131158).\u00a0 The Premonstratensian Abbey of Selbold and its modern record-keepers may have had reason to favor records of that Premonstratensian notable.<\/p>\n<p>The pencil entries note the dates of the documents and briefly or enigmatically cite some 19th-century editions in which the texts are transcribed.\u00a0 The citations report variously the name of the editor and\/or edition (such as &#8220;Simon&#8221;, &#8220;Simon Urkundenbuch&#8221;, &#8220;Wenck&#8221;, etc.), a page (&#8220;Seite&#8221;) number, an assigned number (&#8220;Nr.&#8221;) for the document in an edition, or a combination of such elements \u2014 mainly intelligible for, or decipherable by, initiates in the fields of scholarly reference.\u00a0 To judge by the variable widths of strokes, alignments, and ductus of the pencil entries, the citations of editions appear to have been added in several stages, even with respect to individual documents, as the work of identifying the sources or resources advanced.<\/p>\n<div id=\"attachment_13432\" style=\"width: 1016px\" class=\"wp-caption aligncenter\"><img aria-describedby=\"caption-attachment-13432\" loading=\"lazy\" class=\"wp-image-13432 size-full\" src=\"https:\/\/manuscriptevidence.org\/wpme\/wp-content\/uploads\/2020\/05\/Selbold-fol-3r-lower-King-Adolf-12-July-1296.jpg\" alt=\"Selbold Cartulary Fragment, folio &quot;3&quot; recto lower portion.\" width=\"1006\" height=\"586\" srcset=\"https:\/\/manuscriptevidence.org\/wpme\/wp-content\/uploads\/2020\/05\/Selbold-fol-3r-lower-King-Adolf-12-July-1296.jpg 1006w, https:\/\/manuscriptevidence.org\/wpme\/wp-content\/uploads\/2020\/05\/Selbold-fol-3r-lower-King-Adolf-12-July-1296-150x87.jpg 150w, https:\/\/manuscriptevidence.org\/wpme\/wp-content\/uploads\/2020\/05\/Selbold-fol-3r-lower-King-Adolf-12-July-1296-300x175.jpg 300w, https:\/\/manuscriptevidence.org\/wpme\/wp-content\/uploads\/2020\/05\/Selbold-fol-3r-lower-King-Adolf-12-July-1296-768x447.jpg 768w\" sizes=\"(max-width: 1006px) 100vw, 1006px\" \/><p id=\"caption-attachment-13432\" class=\"wp-caption-text\">Selbold Cartulary Fragment, folio &#8220;3&#8221; recto lower portion.<\/p><\/div>\n<p>The entries in red ink mainly retrace the relevant pencil entries of dates and names.\u00a0 The preceding pencil strokes remain partly visible outside the overdrawn contours of red ink.\u00a0 At the beginning of the document on folio &#8220;1&#8221; r, the pencil entry recording the date in the customary year\u2013month\u2013day order stands on its own, missed in the process of rubricating the selected modern notations.\u00a0 That rubricating stage perhaps aimed to enliven the manuscript, say for an owner or prospective buyer, after the research to identify the dates of its texts had come to completion.<\/p>\n<p>The pencil notes and the writing of the names of editors or editions are so summary that deciphering them may have to &#8220;reverse engineer&#8221; the stages of acquaintance with those publications, by searching for likely publications, and then possibly confirming their accuracy, or searching further still.\u00a0 References to specific editions (insofar as they are identifiable) in the pencil notes establish <em>termini post quem<\/em> (&#8220;dates after which&#8221;) the pencil entries were made.\u00a0 See below.\u00a0 At the earliest, they would be late 19th century, and more likely later.<\/p>\n<p>The seller&#8217;s typescript Companion Note (seen above) lists the dates (or presumed dates) of documents in a chronological order and refers to an entry number in &#8220;Simon&#8221; for information regarding the &#8220;Prov.&#8221;, presumably the &#8220;Provenance&#8221; of the fragments.\u00a0 Perhaps the focus of attention exhibited in the Companion Note provides some clues for the selection of these 3 leaves as a unit for sale.<\/p>\n<p>The restraint in the Note avoiding a direct name or location for the Provenance may be significant.\u00a0 Perhaps covering tracks?\u00a0 It is also infuriating from the perspectives of manuscript studies.<\/p>\n<h2>The Condition<\/h2>\n<div id=\"attachment_13367\" style=\"width: 234px\" class=\"wp-caption alignleft\"><img aria-describedby=\"caption-attachment-13367\" loading=\"lazy\" class=\"size-medium wp-image-13367\" src=\"https:\/\/manuscriptevidence.org\/wpme\/wp-content\/uploads\/2020\/05\/Selbold-1-recto-224x300.jpg\" alt=\"Private Collection, Selbold Cartulary Fragment, Folio 1 recto.\" width=\"224\" height=\"300\" srcset=\"https:\/\/manuscriptevidence.org\/wpme\/wp-content\/uploads\/2020\/05\/Selbold-1-recto-224x300.jpg 224w, https:\/\/manuscriptevidence.org\/wpme\/wp-content\/uploads\/2020\/05\/Selbold-1-recto-112x150.jpg 112w, https:\/\/manuscriptevidence.org\/wpme\/wp-content\/uploads\/2020\/05\/Selbold-1-recto-768x1031.jpg 768w, https:\/\/manuscriptevidence.org\/wpme\/wp-content\/uploads\/2020\/05\/Selbold-1-recto-763x1024.jpg 763w, https:\/\/manuscriptevidence.org\/wpme\/wp-content\/uploads\/2020\/05\/Selbold-1-recto.jpg 1018w\" sizes=\"(max-width: 224px) 100vw, 224px\" \/><p id=\"caption-attachment-13367\" class=\"wp-caption-text\">Private Collection, Selbold Cartulary Fragment, Folio 1 recto.<\/p><\/div>\n<div id=\"attachment_13371\" style=\"width: 234px\" class=\"wp-caption alignright\"><img aria-describedby=\"caption-attachment-13371\" loading=\"lazy\" class=\"wp-image-13371 size-medium\" src=\"https:\/\/manuscriptevidence.org\/wpme\/wp-content\/uploads\/2020\/05\/Selbold-3-recto-224x300.jpg\" alt=\"Private Collection, Selbold Cartulary Fragment, Folio 3 recto.\" width=\"224\" height=\"300\" srcset=\"https:\/\/manuscriptevidence.org\/wpme\/wp-content\/uploads\/2020\/05\/Selbold-3-recto-224x300.jpg 224w, https:\/\/manuscriptevidence.org\/wpme\/wp-content\/uploads\/2020\/05\/Selbold-3-recto-112x150.jpg 112w, https:\/\/manuscriptevidence.org\/wpme\/wp-content\/uploads\/2020\/05\/Selbold-3-recto-768x1031.jpg 768w, https:\/\/manuscriptevidence.org\/wpme\/wp-content\/uploads\/2020\/05\/Selbold-3-recto-763x1024.jpg 763w, https:\/\/manuscriptevidence.org\/wpme\/wp-content\/uploads\/2020\/05\/Selbold-3-recto.jpg 1018w\" sizes=\"(max-width: 224px) 100vw, 224px\" \/><p id=\"caption-attachment-13371\" class=\"wp-caption-text\">Private Collection, Selbold Cartulary Fragment, Folio 3 recto.<\/p><\/div>\n<p>Different forms of damage demonstrate that the 2 portions of the fragment stood at different parts of the volume when it suffered water damage and mold.\u00a0 The single leaf (folio &#8220;1&#8221;) suffered water damage along both sides and across the bottom, with &#8216;ink lakes&#8217; formed of runny ink leaving pronounced &#8216;tide lines&#8217; at their &#8216;shores&#8217;.\u00a0 The 2 leaves of the bifolium (folios &#8220;2\u20133&#8221;) share a large darkened stain across the outer upper portion of each leaf, purplish stains from mold across the lower outer portion, and crumpled losses at the lower outer corner.<\/p>\n<p>The water stains do not blur the marginal entries, although some of these entries occupy stained regions.\u00a0 Show-through from the red pigment entries in the margins affects the recto and verso of folio &#8220;2&#8221;.\u00a0\u00a0 For example, the 2 red pigment entries in the outer margin of folio &#8220;2&#8221;v, respectively opposite line 1 and opposite line 7 of the document of 15 August 1217, are not matched by any such entries on folio &#8220;3&#8221;r.<\/p>\n<p>Suffice it to say that the 2 segments of the fragment come from different parts of the volume, with some now-lost leaves intervening between the single leaf and the bifolium.\u00a0 The small rounded hole, perhaps a wormhole, in the upper margin of folio &#8220;1&#8221; but unshared by the bifolium may demonstrate that the span of lost leaves had some or considerable distance.\u00a0 The 3 leaves stand as disparate representatives of a former manuscript of a <span style=\"color: #ff0000;\">Selbold Cartulary<\/span>, late-medieval in origin, written (at least partly) on paper, and dispersed for whatever reason(s).<\/p>\n<h2>The Leaves<\/h2>\n<p>The 1 + 2 leaves (singleton + bifolium) carry the transcriptions of their documents in 2 continuous series, but the 2 units are not continuous.\u00a0 A textual gap amounting to some leaves (number unknown) stands between them.<\/p>\n<p>Always a skipped line stands between 1 document and the next.\u00a0 Usually the concluding clause for a given document stands as a separate &#8220;paragraph&#8221; or section, beginning its own line afresh at a distance of 1 skipped line below the body of the document proper.\u00a0 In one exception, at the top of folio &#8220;3&#8221; verso, the dating clause continues directly in the same line (v1).<\/p>\n<p>Each document begins with an inset 2- or 3-line initial made in red pigment, in the form of a Roman or Gothic Capital.\u00a0 Written in ink, with an added stroke of red pigment, the next letter is an enlarged and usually Gothic Capital.\u00a0 Thus the opening of the document presents a brief <em>dimuendo<\/em> of 2 enhanced letters to the main text.<\/p>\n<div id=\"attachment_12874\" style=\"width: 310px\" class=\"wp-caption alignright\"><img aria-describedby=\"caption-attachment-12874\" loading=\"lazy\" class=\"wp-image-12874 size-medium\" src=\"https:\/\/manuscriptevidence.org\/wpme\/wp-content\/uploads\/2020\/04\/Sorenson-Preston-Charters-Series-Faces-cropped-300x211.png\" alt=\"Preston Charters, Faces. Photograph Mildred Budny. Numbers added to the photograph report the present owner's numbering for the set, from 5 to 7 and 9 to 13.\" width=\"300\" height=\"211\" srcset=\"https:\/\/manuscriptevidence.org\/wpme\/wp-content\/uploads\/2020\/04\/Sorenson-Preston-Charters-Series-Faces-cropped-300x211.png 300w, https:\/\/manuscriptevidence.org\/wpme\/wp-content\/uploads\/2020\/04\/Sorenson-Preston-Charters-Series-Faces-cropped-150x106.png 150w, https:\/\/manuscriptevidence.org\/wpme\/wp-content\/uploads\/2020\/04\/Sorenson-Preston-Charters-Series-Faces-cropped.png 574w\" sizes=\"(max-width: 300px) 100vw, 300px\" \/><p id=\"caption-attachment-12874\" class=\"wp-caption-text\">Preston Charters, Faces. Photograph Mildred Budny.<\/p><\/div>\n<p>The script and layout make no distinctions in style of presentation between the different documents.\u00a0 They acquire a uniformity of appearance within the cartulary structure \u2014 their opening initials included.<\/p>\n<p>(Examples in our blog of the differences in appearance between documents of different dates relating to a specific location or region appear in our posts on the &#8220;Preston Charters&#8221;, as with <a href=\"https:\/\/manuscriptevidence.org\/wpme\/preston-charters-continued\/\" target=\"_blank\" rel=\"noopener\">Preston Charters Continued<\/a>.\u00a0 A profound case of a book-form manuscript, or &#8220;booklet&#8221;, written by a single scribe reproducing facsimile-like copies of a series of different texts, whose exemplars evidently differed markedly from each other in layout, structure, style, and dates of production, can be seen in the <em>Liber Commonei<\/em> within <em>Saint Dunstan&#8217;s &#8216;Classbook&#8217;<\/em>, closely examined <a href=\"https:\/\/www.academia.edu\/1813135\/St_Dunstans_Classbookand_its_Frontispiece_Dunstans_Portrait_and_Autograph\" target=\"_blank\" rel=\"noopener\">here<\/a>.)<\/p>\n<h3>Folio &#8220;1&#8221;<\/h3>\n<p>This leaf carries the transcripts of 2 documents, nearly complete.\u00a0 The first begins at the top of the recto, and continues to the first lines of the verso.\u00a0 The second fills the rest of the page, and comes close to completing its course at the end of the last line of the column, within the dating clause.<\/p>\n<p><strong>Recto<\/strong><\/p>\n<div id=\"attachment_13367\" style=\"width: 773px\" class=\"wp-caption aligncenter\"><img aria-describedby=\"caption-attachment-13367\" loading=\"lazy\" class=\"wp-image-13367 size-large\" src=\"https:\/\/manuscriptevidence.org\/wpme\/wp-content\/uploads\/2020\/05\/Selbold-1-recto-763x1024.jpg\" alt=\"Private Collection, Selbold Cartulary Fragment, Folio 1 recto.\" width=\"763\" height=\"1024\" srcset=\"https:\/\/manuscriptevidence.org\/wpme\/wp-content\/uploads\/2020\/05\/Selbold-1-recto-763x1024.jpg 763w, https:\/\/manuscriptevidence.org\/wpme\/wp-content\/uploads\/2020\/05\/Selbold-1-recto-112x150.jpg 112w, https:\/\/manuscriptevidence.org\/wpme\/wp-content\/uploads\/2020\/05\/Selbold-1-recto-224x300.jpg 224w, https:\/\/manuscriptevidence.org\/wpme\/wp-content\/uploads\/2020\/05\/Selbold-1-recto-768x1031.jpg 768w, https:\/\/manuscriptevidence.org\/wpme\/wp-content\/uploads\/2020\/05\/Selbold-1-recto.jpg 1018w\" sizes=\"(max-width: 763px) 100vw, 763px\" \/><p id=\"caption-attachment-13367\" class=\"wp-caption-text\">Private Collection, Selbold Cartulary Fragment, Folio 1 recto.<\/p><\/div>\n<p><strong>Verso<\/strong><\/p>\n<div id=\"attachment_13368\" style=\"width: 773px\" class=\"wp-caption aligncenter\"><img aria-describedby=\"caption-attachment-13368\" loading=\"lazy\" class=\"wp-image-13368 size-large\" src=\"https:\/\/manuscriptevidence.org\/wpme\/wp-content\/uploads\/2020\/05\/Selbold-1-verso-763x1024.jpg\" alt=\"Private Collection, Selbold Cartulary Fragment, Folio 1 verso.\" width=\"763\" height=\"1024\" srcset=\"https:\/\/manuscriptevidence.org\/wpme\/wp-content\/uploads\/2020\/05\/Selbold-1-verso-763x1024.jpg 763w, https:\/\/manuscriptevidence.org\/wpme\/wp-content\/uploads\/2020\/05\/Selbold-1-verso-112x150.jpg 112w, https:\/\/manuscriptevidence.org\/wpme\/wp-content\/uploads\/2020\/05\/Selbold-1-verso-224x300.jpg 224w, https:\/\/manuscriptevidence.org\/wpme\/wp-content\/uploads\/2020\/05\/Selbold-1-verso-768x1031.jpg 768w, https:\/\/manuscriptevidence.org\/wpme\/wp-content\/uploads\/2020\/05\/Selbold-1-verso.jpg 1018w\" sizes=\"(max-width: 763px) 100vw, 763px\" \/><p id=\"caption-attachment-13368\" class=\"wp-caption-text\">Private Collection, Selbold Cartulary Fragment, Folio 1 verso.<\/p><\/div>\n<h3>The Bifolium<\/h3>\n<p>The bifolium carries a continuous series of 6 texts, starting at the top of its first recto.<\/p>\n<h3>Folio &#8220;2&#8221;<\/h3>\n<p><strong>Recto<\/strong><\/p>\n<div id=\"attachment_7321\" style=\"width: 773px\" class=\"wp-caption aligncenter\"><img aria-describedby=\"caption-attachment-7321\" loading=\"lazy\" class=\"wp-image-7321 size-large\" src=\"https:\/\/manuscriptevidence.org\/wpme\/wp-content\/uploads\/2016\/04\/Selbig-Cartulary-2r-763x1024.jpg\" alt=\"Folio 2r from a dismembered Cartulary from Selbold. Private Possession, reproduced by permission.\" width=\"763\" height=\"1024\" srcset=\"https:\/\/manuscriptevidence.org\/wpme\/wp-content\/uploads\/2016\/04\/Selbig-Cartulary-2r-763x1024.jpg 763w, https:\/\/manuscriptevidence.org\/wpme\/wp-content\/uploads\/2016\/04\/Selbig-Cartulary-2r-112x150.jpg 112w, https:\/\/manuscriptevidence.org\/wpme\/wp-content\/uploads\/2016\/04\/Selbig-Cartulary-2r-224x300.jpg 224w, https:\/\/manuscriptevidence.org\/wpme\/wp-content\/uploads\/2016\/04\/Selbig-Cartulary-2r.jpg 848w\" sizes=\"(max-width: 763px) 100vw, 763px\" \/><p id=\"caption-attachment-7321\" class=\"wp-caption-text\">Selbold Cartulary Fragment, Folio 2r.<\/p><\/div>\n<p><strong>Verso<\/strong><\/p>\n<div id=\"attachment_13370\" style=\"width: 773px\" class=\"wp-caption aligncenter\"><img aria-describedby=\"caption-attachment-13370\" loading=\"lazy\" class=\"wp-image-13370 size-large\" src=\"https:\/\/manuscriptevidence.org\/wpme\/wp-content\/uploads\/2020\/05\/Selbold-2-verso-763x1024.jpg\" alt=\"Private Collection, Selbold Cartulary Fragment, Folio 2 verso.\" width=\"763\" height=\"1024\" srcset=\"https:\/\/manuscriptevidence.org\/wpme\/wp-content\/uploads\/2020\/05\/Selbold-2-verso-763x1024.jpg 763w, https:\/\/manuscriptevidence.org\/wpme\/wp-content\/uploads\/2020\/05\/Selbold-2-verso-112x150.jpg 112w, https:\/\/manuscriptevidence.org\/wpme\/wp-content\/uploads\/2020\/05\/Selbold-2-verso-224x300.jpg 224w, https:\/\/manuscriptevidence.org\/wpme\/wp-content\/uploads\/2020\/05\/Selbold-2-verso-768x1031.jpg 768w, https:\/\/manuscriptevidence.org\/wpme\/wp-content\/uploads\/2020\/05\/Selbold-2-verso.jpg 848w\" sizes=\"(max-width: 763px) 100vw, 763px\" \/><p id=\"caption-attachment-13370\" class=\"wp-caption-text\">Private Collection, Selbold Cartulary Fragment, Folio 2 verso.<\/p><\/div>\n<h3>Folio &#8220;3&#8221;<\/h3>\n<p><strong>Recto<\/strong><\/p>\n<div id=\"attachment_13371\" style=\"width: 773px\" class=\"wp-caption aligncenter\"><img aria-describedby=\"caption-attachment-13371\" loading=\"lazy\" class=\"wp-image-13371 size-large\" src=\"https:\/\/manuscriptevidence.org\/wpme\/wp-content\/uploads\/2020\/05\/Selbold-3-recto-763x1024.jpg\" alt=\"Private Collection, Selbold Cartulary Fragment, Folio 3 recto.\" width=\"763\" height=\"1024\" srcset=\"https:\/\/manuscriptevidence.org\/wpme\/wp-content\/uploads\/2020\/05\/Selbold-3-recto-763x1024.jpg 763w, https:\/\/manuscriptevidence.org\/wpme\/wp-content\/uploads\/2020\/05\/Selbold-3-recto-112x150.jpg 112w, https:\/\/manuscriptevidence.org\/wpme\/wp-content\/uploads\/2020\/05\/Selbold-3-recto-224x300.jpg 224w, https:\/\/manuscriptevidence.org\/wpme\/wp-content\/uploads\/2020\/05\/Selbold-3-recto-768x1031.jpg 768w, https:\/\/manuscriptevidence.org\/wpme\/wp-content\/uploads\/2020\/05\/Selbold-3-recto.jpg 1018w\" sizes=\"(max-width: 763px) 100vw, 763px\" \/><p id=\"caption-attachment-13371\" class=\"wp-caption-text\">Private Collection, Selbold Cartulary Fragment, Folio 3 recto.<\/p><\/div>\n<p><strong>Verso<\/strong><\/p>\n<div id=\"attachment_13372\" style=\"width: 773px\" class=\"wp-caption aligncenter\"><img aria-describedby=\"caption-attachment-13372\" loading=\"lazy\" class=\"wp-image-13372 size-large\" src=\"https:\/\/manuscriptevidence.org\/wpme\/wp-content\/uploads\/2020\/05\/Selbold-3-verso-763x1024.jpg\" alt=\"Private Collection, Selbold Cartulary Fragment, Folio 3 verso.\" width=\"763\" height=\"1024\" srcset=\"https:\/\/manuscriptevidence.org\/wpme\/wp-content\/uploads\/2020\/05\/Selbold-3-verso-763x1024.jpg 763w, https:\/\/manuscriptevidence.org\/wpme\/wp-content\/uploads\/2020\/05\/Selbold-3-verso-112x150.jpg 112w, https:\/\/manuscriptevidence.org\/wpme\/wp-content\/uploads\/2020\/05\/Selbold-3-verso-224x300.jpg 224w, https:\/\/manuscriptevidence.org\/wpme\/wp-content\/uploads\/2020\/05\/Selbold-3-verso-768x1031.jpg 768w, https:\/\/manuscriptevidence.org\/wpme\/wp-content\/uploads\/2020\/05\/Selbold-3-verso.jpg 1018w\" sizes=\"(max-width: 763px) 100vw, 763px\" \/><p id=\"caption-attachment-13372\" class=\"wp-caption-text\">Private Collection, Selbold Cartulary Fragment, Folio 3 verso.<\/p><\/div>\n<h2>The Watermark<\/h2>\n<p>Folio &#8220;2&#8221; has a watermark, which stands upright on the leaf as employed for the text.<\/p>\n<p>The watermark depicts a cluster of grapes.\u00a0 The bulbous grapes form rows to either side of the contours of the undulating stem.\u00a0 The stem forms a loop at the top, as it appears to pass &#8220;behind&#8221; itself in rising to one side (seen this way round, to the left) beyond the loop.<\/p>\n<div id=\"attachment_13343\" style=\"width: 514px\" class=\"wp-caption aligncenter\"><img aria-describedby=\"caption-attachment-13343\" loading=\"lazy\" class=\"wp-image-13343 size-full\" src=\"https:\/\/manuscriptevidence.org\/wpme\/wp-content\/uploads\/2020\/05\/wmark-symp-13.jpg\" alt=\"Grapes Watermark in a Selbold Cartulary Fragment.\" width=\"504\" height=\"600\" srcset=\"https:\/\/manuscriptevidence.org\/wpme\/wp-content\/uploads\/2020\/05\/wmark-symp-13.jpg 504w, https:\/\/manuscriptevidence.org\/wpme\/wp-content\/uploads\/2020\/05\/wmark-symp-13-126x150.jpg 126w, https:\/\/manuscriptevidence.org\/wpme\/wp-content\/uploads\/2020\/05\/wmark-symp-13-252x300.jpg 252w\" sizes=\"(max-width: 504px) 100vw, 504px\" \/><p id=\"caption-attachment-13343\" class=\"wp-caption-text\">Grapes Watermark in a Selbold Cartulary Fragment.<\/p><\/div>\n<p><strong>The watermark with Scale and Back-Lighting<\/strong><\/p>\n<p>The stem of the cluster forms a loop at the top, as it appears to pass &#8220;behind&#8221; itself in rising to one side (seen this way round, to the left) beyond the loop.\u00a0\u00a0 The grapes form rows to either side of the contours of the undulating stem.<\/p>\n<div id=\"attachment_13364\" style=\"width: 730px\" class=\"wp-caption aligncenter\"><img aria-describedby=\"caption-attachment-13364\" loading=\"lazy\" class=\"wp-image-13364 size-full\" src=\"https:\/\/manuscriptevidence.org\/wpme\/wp-content\/uploads\/2020\/05\/Selbold-watermark-with-scale.jpg\" alt=\"Grapes Watermark in a Selbold Cartulary Fragment, with Back-Lighting and Scale.\" width=\"720\" height=\"859\" srcset=\"https:\/\/manuscriptevidence.org\/wpme\/wp-content\/uploads\/2020\/05\/Selbold-watermark-with-scale.jpg 720w, https:\/\/manuscriptevidence.org\/wpme\/wp-content\/uploads\/2020\/05\/Selbold-watermark-with-scale-126x150.jpg 126w, https:\/\/manuscriptevidence.org\/wpme\/wp-content\/uploads\/2020\/05\/Selbold-watermark-with-scale-251x300.jpg 251w\" sizes=\"(max-width: 720px) 100vw, 720px\" \/><p id=\"caption-attachment-13364\" class=\"wp-caption-text\">Grapes Watermark in a Selbold Cartulary Fragment, with Back-Lighting and Scale.<\/p><\/div>\n<p>According to the standard of <a href=\"http:\/\/www.ksbm.oeaw.ac.at\/_scripts\/php\/BR.php\" target=\"_blank\" rel=\"noopener\" class=\"broken_link\">Briquet Online<\/a>, which supplies a searchable version of the text and images in the monumental reference work by <a href=\"https:\/\/fr.wikipedia.org\/wiki\/Charles-Mo%C3%AFse_Briquet\" target=\"_blank\" rel=\"noopener\">Charles Mo\u00efse Briquet<\/a> (1839\u20131918) in his <em>Dictionnaire historique des filigranes<\/em> (Geneva, 4 volumes, 1907), this watermark belongs within Briquet&#8217;s class of <em>Fruit<\/em>, sub-group <em>Rasin<\/em> (&#8220;Grape&#8221;), variety <em>\u00e0 grosse tige<\/em> (&#8220;with large stem&#8221;).<\/p>\n<div id=\"attachment_13413\" style=\"width: 690px\" class=\"wp-caption aligncenter\"><img aria-describedby=\"caption-attachment-13413\" loading=\"lazy\" class=\"wp-image-13413 size-large\" src=\"https:\/\/manuscriptevidence.org\/wpme\/wp-content\/uploads\/2020\/05\/Briquet-13003-cropped-more-680x1024.png\" alt=\"Briquet, Les Filigranes, Nr. 13003.\" width=\"680\" height=\"1024\" srcset=\"https:\/\/manuscriptevidence.org\/wpme\/wp-content\/uploads\/2020\/05\/Briquet-13003-cropped-more-680x1024.png 680w, https:\/\/manuscriptevidence.org\/wpme\/wp-content\/uploads\/2020\/05\/Briquet-13003-cropped-more-100x150.png 100w, https:\/\/manuscriptevidence.org\/wpme\/wp-content\/uploads\/2020\/05\/Briquet-13003-cropped-more-199x300.png 199w, https:\/\/manuscriptevidence.org\/wpme\/wp-content\/uploads\/2020\/05\/Briquet-13003-cropped-more-768x1156.png 768w, https:\/\/manuscriptevidence.org\/wpme\/wp-content\/uploads\/2020\/05\/Briquet-13003-cropped-more.png 1411w\" sizes=\"(max-width: 680px) 100vw, 680px\" \/><p id=\"caption-attachment-13413\" class=\"wp-caption-text\">Briquet, Les Filigranes, Nr. 13003.<\/p><\/div>\n<p>Among Briquet&#8217;s specimens, the watermark in the fragment comes closest to Number <a href=\"http:\/\/www.ksbm.oeaw.ac.at\/_scripts\/php\/loadRepWmark.php?rep=briquet&amp;refnr=13003&amp;lang=fr\" target=\"_blank\" rel=\"noopener\">13003<\/a>, found in &#8220;M\u00fcnchen 1478&#8221; etc., with <a href=\"http:\/\/www.ksbm.oeaw.ac.at\/_scripts\/php\/load_cat.php?cat=briquet&amp;page=B4_B647.png\" target=\"_blank\" rel=\"noopener\" class=\"broken_link\">multiple sightings reported<\/a>.\u00a0 That watermark was used in a wide range of dating contexts, from circa 1370 to 1509, and mostly in the 1420s to 1480s, so that here the watermark itself does not help especially with dating the manuscript.<\/p>\n<p>According to Piccard Online, the mark belongs within the large subgroup of this <a href=\"https:\/\/www.piccard-online.de\/struktur.php?klassi=014.001.001.002.002&amp;anzeigeKlassi=014.001.001.002.002.001&amp;Id=100794&amp;sprache=&amp;weitere=struktur\" target=\"_blank\" rel=\"noopener\">Motifdarstellung<\/a>\u00a0(with 278 specimens):<\/p>\n<p style=\"padding-left: 30px;\"><em><span class=\"eintrag\">Frucht &#8211; Traube &#8211; Ohne Beizeichen- Zweikonturiger Stiel &#8211; Mit Schlaufe am Stiel &#8211; Tropfenf\u00f6rmige Beeren<\/span><\/em><\/p>\n<p>As yet, an exact match remains to be found among them.\u00a0 For example, in the image of the watermark, parts of the text obscure a clear counting of the number of grapes stand in each row flanking the stem.<\/p>\n<p>Thus, so far, the assessment of the date of the manuscript must depend mainly upon its script and related features.\u00a0 Such may be the case with the assessments of the 14th- and\/or 15th-century stated on the seller&#8217;s Companion Note and in an edition made apparently from this witness \u2014 unless, that is, these assessments had the benefit of other information contained within the book itself or its collection at the time.<\/p>\n<h2>The Companion Note<\/h2>\n<p>The typescript note supplied with the sale provides the date of &#8220;late 14th or early 15th century&#8221; (<em>sp\u00e4tes 14. oder fr\u00fches 15. Jh<\/em>.)\u00a0 At least, the medieval manuscript must postdate the dates of issue of the documents which it represents, whatever that span was once in full.\u00a0 According to this note, the documents in the fragment of a <em>Diplomatorium<\/em> presenting <em>Priviligien f\u00fcr das Stift Selbold<\/em> emanate from the years 1143, 1151, 1217, 1236, 1296, and 1363\u00a0\u2014 although a closer look at their texts gives a somewhat different view.<\/p>\n<p>Within the fragment, the documents do not all align in chronological order, for example with a document of 1151 preceding one purportedly of 1150 (according to the date of the red ink notes on folio &#8220;1&#8221;), and with a document of 1236 standing in between one of 1296 and one of 1363 (on folio &#8220;3&#8221;).<\/p>\n<p>The item number <em>63<\/em>, if in a single series from that particular book, implies many fragments already.\u00a0 Who knows how high such a series went?\u00a0 The condition of the 3 leaves in this item make it clear that they had been selected, or gathered, from different parts of the book, so the series of items with numbers preceding <em>63<\/em> does not itself guarantee that they belonged to preceding parts in the volume, nor represented a consecutive order within it.<\/p>\n<p>The typescript note provides oblique evidence \u2014 or its conjecture \u2014 for the <em>Prov.<\/em> of the fragment, by directing the reader to some other source:<\/p>\n<p style=\"padding-left: 30px;\"><em>zur Prov.<\/em>[<em>enz<\/em>]<em> siehe SIMON Nr. VIIa<\/em> (&#8220;On the Provenance, see Simon, No. VIIa&#8221;).<\/p>\n<div id=\"attachment_13379\" style=\"width: 736px\" class=\"wp-caption aligncenter\"><img aria-describedby=\"caption-attachment-13379\" loading=\"lazy\" class=\"wp-image-13379 size-full\" src=\"https:\/\/manuscriptevidence.org\/wpme\/wp-content\/uploads\/2020\/05\/Note-accompanying-Selbold-Fragments.jpg\" alt=\"Note accompanying the Selbold Cartulary Fragments.\" width=\"726\" height=\"748\" srcset=\"https:\/\/manuscriptevidence.org\/wpme\/wp-content\/uploads\/2020\/05\/Note-accompanying-Selbold-Fragments.jpg 726w, https:\/\/manuscriptevidence.org\/wpme\/wp-content\/uploads\/2020\/05\/Note-accompanying-Selbold-Fragments-146x150.jpg 146w, https:\/\/manuscriptevidence.org\/wpme\/wp-content\/uploads\/2020\/05\/Note-accompanying-Selbold-Fragments-291x300.jpg 291w\" sizes=\"(max-width: 726px) 100vw, 726px\" \/><p id=\"caption-attachment-13379\" class=\"wp-caption-text\">Note accompanying the Selbold Cartulary Fragments.<\/p><\/div>\n<h2>&#8220;Simon Says&#8221;<\/h2>\n<p>On the quest of identifying the enigmatic reference &#8220;Zur Prov<em>enanz<\/em> siehe Simon Nr. IV&#8221; on the Companion Note, where do we find &#8220;Simon Nr. IV&#8221;?\u00a0 The citations of &#8220;Simon&#8221; in pencil strategically on the leaves, along with some other names, offer guidance of some sort.<\/p>\n<p>Elements of the history of the monastery of Selbold are reported by Gustav Simon in parts of <span id=\"author-1\"><\/span><em>Die Geschichte des reichsst\u00e4ndischen Hauses Ysenburg und B\u00fcdingen <\/em>(&#8220;The History of the Imperial House of Ysenburg and B\u00fcdingen&#8221;), published in 1865.\u00a0 <a href=\"https:\/\/de.wikipedia.org\/wiki\/Gustav_Simon_(Historiker)\" target=\"_blannk\" rel=\"noopener\">Gustav Ludwig Georg Friedrich Simon<\/a> (1811\u20131870) was a Lutheran evangelical pastor, deacon, and historian.\u00a0 A survey of that history involving Selbold and its connections with the dynasty occupies his <a href=\"https:\/\/reader.digitale-sammlungen.de\/\/de\/fs1\/object\/display\/bsb10021440_00005.html\" target=\"_blank\" rel=\"noopener\">Volume I<\/a>, pages 28\u201352.<\/p>\n<p>The references in the Companion Note to &#8220;Simon Nr. IV&#8221; and on the fragments themselves to &#8220;Simon&#8221; (plus title, page, or number) evidently pertain to his multi-volume work, notably its volumes 1 (<em>Geschichte<\/em>) and 3 (<em>Urkundenbuch<\/em>):<\/p>\n<ul>\n<li><a title=\"Gustav Simon (Historiker)\" href=\"https:\/\/de.wikipedia.org\/wiki\/Gustav_Simon_(Historiker)\">Gustav Simon<\/a>: <i>Die Geschichte des reichsst\u00e4ndischen Hauses Ysenburg und B\u00fcdingen <\/i>\n<ul>\n<li>Volume (<i>Band<\/i>)<i> 1.\u00a0 Die Geschichte des Ysenburg-B\u00fcdingen\u2019schen Landes<\/i> (Frankfurt am Main:\u00a0 Br\u00f6nner, 1865) via <a class=\"external text\" href=\"http:\/\/books.google.de\/books?id=-Sw7AAAAYAAJ&amp;hl=de&amp;pg=PR1\" rel=\"nofollow\">Google Books<\/a><\/li>\n<li>Volume 2.<i>\u00a0 Die Ysenburg und B\u00fcdingen\u2019sche Hausgeschichte<\/i>\u00a0(Frankfurt am Main:\u00a0 Br\u00f6nner, 1865) via <a class=\"external text\" href=\"http:\/\/books.google.de\/books?id=PsRWAAAAMAAJ&amp;hl=de&amp;pg=PP5\" rel=\"nofollow\">Google Books<\/a><\/li>\n<li>Volume 3<i>.\u00a0 Das Ysenburg und B\u00fcdingen\u2019sche Urkundenbuch<\/i> (Frankfurt am Main:\u00a0 Br\u00f6nner, 1865) via <a class=\"external text\" href=\"http:\/\/books.google.de\/books?id=vS47AAAAYAAJ&amp;hl=de&amp;pg=PR1\" rel=\"nofollow\">Google Books<\/a><\/li>\n<\/ul>\n<\/li>\n<\/ul>\n<h2>The Texts<\/h2>\n<p>Editions of the documents represented in the <span style=\"color: #ff0000;\">Selbold Cartulary Fragments<\/span> appear in various publications, by Simon and\/or others in the 18th and 19th centuries \u2014 available for consultation freely online.\u00a0 The annotations in pencil on the fragments refer tersely to some of them, as with &#8220;Simon&#8221;, &#8220;Reimer&#8221;, and, presumably, &#8220;Wenck&#8221;.<\/p>\n<p>Unpicking those references requires examining multiple editions of the texts on the fragments.\u00a0 The process of examination benefits from careful consideration of the manner of presentation in the editions, their notes, and their methods of citation \u2014 or not\u00a0\u2014 of the witnesses consulted for edition.<\/p>\n<h3>Editions of Medieval and Early Modern Documentary Sources<\/h3>\n<p>Partly guided by the pencil annotations on the fragments (insofar those annotations are legible or can be deciphered), the identification of the texts and their editions has had to resort to online resources open while libraries are closed in Spring 2020.<\/p>\n<p>For convenience, especially because of the links to their digitized versions, we refer to some editions and series of publications as listed in<\/p>\n<ul>\n<li><a href=\"http:\/\/wiki-de.genealogy.net\/Hauptseite\" target=\"_blank\" rel=\"noopener\">GenWiki<\/a><\/li>\n<li><a href=\"https:\/\/en.wikisource.org\/wiki\/Main_Page\" target=\"_blank\" rel=\"noopener\">WikiSource<\/a> under <em><span id=\"Urkundenb\u00fccher_und_Regesten\" class=\"mw-headline\">Urkundenb\u00fccher und Regesten<\/span><\/em><span id=\"Urkundenb\u00fccher_und_Regesten\" class=\"mw-headline\"> for German regions, thus:<\/span><em><span id=\"Urkundenb\u00fccher_und_Regesten\" class=\"mw-headline\"><br \/>\n<\/span><\/em><\/li>\n<\/ul>\n<h4><a href=\"https:\/\/de.wikisource.org\/wiki\/Urkunden_des_Mittelalters_und_der_Fr%C3%BChen_Neuzeit\" target=\"_blank\" rel=\"noopener\">Urkunden des Mittelalters und der Fr\u00fchen Neuzeit<\/a> \/ Medieval and Early Modern Documentary Sources<\/h4>\n<h4 style=\"padding-left: 30px;\"><span id=\"Hessen\" class=\"mw-headline\"><a title=\"Hessen\" href=\"https:\/\/de.wikisource.org\/wiki\/Hessen\">Hessen<\/a><\/span><\/h4>\n<p style=\"padding-left: 30px;\">Heinrich <strong>Reimer<\/strong>, <a href=\"http:\/\/wiki-de.genealogy.net\/Hessisches_Urkundenbuch\" target=\"_blank\" rel=\"noopener\"><em>Hessisches Urkundenbuch<\/em><\/a>:<\/p>\n<ul>\n<li>Abtheilung 1 (&#8220;Erste Abtheilung&#8221;). <em>Urkundenbuch der Deutschordensballei Hessen<\/em>,<br \/>\nedited by <a href=\"https:\/\/de.wikipedia.org\/wiki\/Arthur_Wyss_(Archivar)\" target=\"_blank\" rel=\"noopener\">Arthur Franz Wilhelm <strong>Wyss<\/strong><\/a><\/p>\n<ul>\n<li>Band 1: <em>Von 1297 bis 1299. \u00a0<\/em>Publikationen aus den K\u00f6niglichen Preu\u00dfischen Staatsarchiven, 3 (Leipzig:\u00a0 S. Hirzel, 1879), digitized via <a class=\"external text\" href=\"http:\/\/nbn-resolving.de\/urn:nbn:de:hebis:30-1128987\" rel=\"nofollow\">UB Frankfurt\/M.<\/a>, <a class=\"external text\" href=\"http:\/\/www.archive.org\/details\/hessischesurkun01reimgoog\" rel=\"nofollow\">Internet\u00a0Archive<\/a>, <a class=\"external text\" href=\"http:\/\/www.archive.org\/details\/bub_gb_amAOAAAAYAAJ\" rel=\"nofollow\">Internet\u00a0Archive<\/a> = <a class=\"external text\" href=\"https:\/\/books.google.com\/books?id=amAOAAAAYAAJ\" rel=\"nofollow\">Google<\/a><\/li>\n<li>Band 2: <em>Von 1300 bis 1359. \u00a0<\/em>Publikationen aus den K\u00f6niglichen Preu\u00dfischen Staatsarchiven, 19(Leipzig:\u00a0 S. Hirzel, 1884), via <a class=\"external text\" href=\"https:\/\/books.google.com\/books?id=j7NBAAAAYAAJ\" rel=\"nofollow\">Google<\/a><\/li>\n<li>Band 3: <em>Von 1360 bis 1399. \u00a0<\/em>Publikationen aus den K\u00f6niglichen Preu\u00dfischen Staatsarchiven, 78 (Leipzig:\u00a0 S. Hirzel, 1899), via <a class=\"external text\" href=\"http:\/\/wiki-de.genealogy.net\/Universit%C3%A4tsbibliothek_Johann_Christian_Senckenberg\" rel=\"nofollow\">UB Frankfurt<\/a>, <a class=\"external text\" href=\"http:\/\/www.archive.org\/details\/bub_gb_f2MOAAAAYAAJ\" rel=\"nofollow\">Internet\u00a0Archive<\/a> = <a class=\"external text\" href=\"https:\/\/books.google.com\/books?id=f2MOAAAAYAAJ\" rel=\"nofollow\">Google<\/a>, <a class=\"external text\" href=\"http:\/\/www.archive.org\/details\/bub_gb_Q7VBAAAAYAAJ\" rel=\"nofollow\">Internet\u00a0Archive<\/a> = <a class=\"external text\" href=\"https:\/\/books.google.com\/books?id=Q7VBAAAAYAAJ\" rel=\"nofollow\">Google<\/a>, <a class=\"external text\" href=\"http:\/\/www.archive.org\/details\/hessischesurkun00wyssgoog\" rel=\"nofollow\">Internet\u00a0Archive<\/a><\/li>\n<\/ul>\n<\/li>\n<li>Abtheilung 2 (&#8220;Zweite Abtheilung&#8221;). <em>Urkundenbuch zur Geschichte der Herren von Hanau und der ehemaligen Provinz Hanau<\/em>,<br \/>\nedited by Heinrich <strong>Reimer<\/strong><em><br \/>\n<\/em><\/p>\n<ul>\n<li><span style=\"color: #800080;\"><span style=\"color: #000000;\">\u00a0Band 1: <em>767\u20131300.\u00a0 <\/em>Publikationen aus den K\u00f6niglichen Preu\u03b2ischen Staatsarchiven, 48 <em>(<\/em>Leipzig:\u00a0 S. Hirzel, 1891), via<\/span> <a href=\"https:\/\/reader.digitale-sammlungen.de\/de\/fs1\/object\/display\/bsb10003473_00009.html\" target=\"_blank\" rel=\"noopener\">MDZ<\/a>, <a href=\"https:\/\/archive.org\/details\/hessischesurkun01wyssgoog\/page\/n10\/mode\/2up\" target=\"_blank\" rel=\"noopener\">Internet Archive<\/a><br \/>\n<\/span><\/li>\n<li>Band 2: <em>1301-1349.<\/em>\u00a0 Publikationen aus den K\u00f6niglichen Preu\u03b2ischen Staatsarchiven, 51 <em>(<\/em>Leipzig:\u00a0 S. Hirzel, 1892), via <a class=\"external text\" href=\"http:\/\/nbn-resolving.de\/urn:nbn:de:hebis:30-1148154\" rel=\"nofollow\">UB Frankfurt\/M<\/a>, also <a class=\"external text\" href=\"http:\/\/wiki-de.genealogy.net\/Hessisches_Urkundenbuch\" rel=\"nofollow\">GenWiki<\/a><\/li>\n<li>Band 3: 1350-1375. \u00a0Publikationen aus den K\u00f6niglichen Preu\u03b2ischen Staatsarchiven, 60 (Leipzig:\u00a0 S. Hirzel, 1894), via &#8220;<a class=\"external text\" title=\"http:\/\/books.google.com\/books?id=p2IOAAAAYAAJ\" href=\"http:\/\/books.google.com\/books?id=p2IOAAAAYAAJ\" rel=\"nofollow\">Digitalisat<\/a> der <a title=\"Google Buchsuche\" href=\"http:\/\/wiki-de.genealogy.net\/Google_Buchsuche\">Google Buchsuche<\/a> (p2IOAAAAYAAJ), <a class=\"external text\" title=\"http:\/\/www.archive.org\/details\/hessischesurkun02wyssgoog\" href=\"http:\/\/www.archive.org\/details\/hessischesurkun02wyssgoog\" rel=\"nofollow\">Digitalisat<\/a> im <a title=\"Internet Archive\" href=\"http:\/\/wiki-de.genealogy.net\/Internet_Archive\">Internet Archive<\/a>&#8220;<\/li>\n<li>Band 4: 1376-1400. \u00a0Publikationen aus den K\u00f6niglichen Preu\u03b2ischen Staatsarchiven, 69 (Leipzig:\u00a0 S. Hirzel, 1897), via &#8220;<a class=\"external text\" title=\"http:\/\/books.google.com\/books?id=_9YqAAAAYAAJ\" href=\"http:\/\/books.google.com\/books?id=_9YqAAAAYAAJ\" rel=\"nofollow\">Digitalisat<\/a> der <a title=\"Google Buchsuche\" href=\"http:\/\/wiki-de.genealogy.net\/Google_Buchsuche\">Google Buchsuche<\/a> (_9YqAAAAYAAJ), <a class=\"external text\" title=\"http:\/\/books.google.com\/books?id=rmMOAAAAYAAJ\" href=\"http:\/\/books.google.com\/books?id=rmMOAAAAYAAJ\" rel=\"nofollow\">Digitalisat<\/a> der <a title=\"Google Buchsuche\" href=\"http:\/\/wiki-de.genealogy.net\/Google_Buchsuche\">Google Buchsuche<\/a> (rmMOAAAAYAAJ), <a class=\"external text\" title=\"http:\/\/www.archive.org\/details\/hessischesurkun02reimgoog\" href=\"http:\/\/www.archive.org\/details\/hessischesurkun02reimgoog\" rel=\"nofollow\">Digitalisat<\/a> im <a title=\"Internet Archive\" href=\"http:\/\/wiki-de.genealogy.net\/Internet_Archive\">Internet Archive<\/a>&#8220;<\/li>\n<\/ul>\n<\/li>\n<\/ul>\n<h4 style=\"padding-left: 30px;\"><span id=\"Nassau\" class=\"mw-headline\">Nassau<\/span><\/h4>\n<ul>\n<li><a title=\"Karl Menzel\" href=\"https:\/\/de.wikisource.org\/wiki\/Karl_Menzel\">Karl Menzel<\/a> and <a title=\"Wilhelm Sauer\" href=\"https:\/\/de.wikisource.org\/wiki\/Wilhelm_Sauer\">Wilhelm Sauer<\/a>: W. <strong>Sauer<\/strong>, ed., <i>Codex diplomaticus Nassoicus \/ Nassauisches Urkundenbuch. \u00a0<\/i><em>Die Urkunden des ehemals kurmainzischen Gebiets, einschlie\u03b2lich der Herrschaften Eppenstein, K\u00f6nigstein, und Falkenstein, der Niedergrafschaft Katzellenbogen und des kurpf\u00e4lzischen Amts Caub<\/em>, Band I <i> <\/i>(Wiesbaden:\u00a0 Julius Niedner, 3 <em>Abtheilungen<\/em>, 1885\u20131887)\n<ul>\n<li>Band 1, Abtheilung 1 (1885), via <a class=\"external text\" href=\"http:\/\/nbn-resolving.de\/urn:nbn:de:hebis:30-1132881\" rel=\"nofollow\">UB Frankfurt\/M.<\/a>, <a class=\"external text\" href=\"http:\/\/www.archive.org\/details\/codexdiplomatic02sauegoog\" rel=\"nofollow\">Internet\u00a0Archive<\/a> = <a class=\"external text\" href=\"https:\/\/books.google.com\/books?id=XEEFAAAAYAAJ\" rel=\"nofollow\">Google-USA<\/a><a class=\"mw-redirect\" title=\"Wikisource:GBSUS\" href=\"https:\/\/de.wikisource.org\/wiki\/Wikisource:GBSUS\">*<\/a>, <a class=\"external text\" href=\"http:\/\/www.archive.org\/details\/codexdiplomatic00sauegoog\" rel=\"nofollow\">Internet\u00a0Archive<\/a> = <a class=\"external text\" href=\"https:\/\/books.google.com\/books?id=wagKAAAAIAAJ\" rel=\"nofollow\">Google-USA<\/a><a class=\"mw-redirect\" title=\"Wikisource:GBSUS\" href=\"https:\/\/de.wikisource.org\/wiki\/Wikisource:GBSUS\">*<\/a><\/li>\n<\/ul>\n<ul>\n<li>Band 1, Abtheilung 2 (1886), via <a class=\"external text\" href=\"http:\/\/nbn-resolving.de\/urn:nbn:de:hebis:30-1132881\" rel=\"nofollow\">UB Frankfurt\/M.<\/a>, <a class=\"external text\" href=\"http:\/\/www.archive.org\/details\/codexdiplomatic01sauegoog\" rel=\"nofollow\">Internet\u00a0Archive<\/a> = <a class=\"external text\" href=\"https:\/\/books.google.com\/books?id=VKgKAAAAIAAJ\" rel=\"nofollow\">Google-USA<\/a><a class=\"mw-redirect\" title=\"Wikisource:GBSUS\" href=\"https:\/\/de.wikisource.org\/wiki\/Wikisource:GBSUS\">*<\/a>, <a class=\"external text\" href=\"http:\/\/www.archive.org\/details\/bub_gb_J0IFAAAAYAAJ\" rel=\"nofollow\">Internet\u00a0Archive<\/a> = <a class=\"external text\" href=\"https:\/\/books.google.com\/books?id=J0IFAAAAYAAJ\" rel=\"nofollow\">Google-USA<\/a><a class=\"mw-redirect\" title=\"Wikisource:GBSUS\" href=\"https:\/\/de.wikisource.org\/wiki\/Wikisource:GBSUS\">*<\/a><\/li>\n<\/ul>\n<ul>\n<li>Band 1, Abtheilung 3 (1887), via <a class=\"external text\" href=\"http:\/\/nbn-resolving.de\/urn:nbn:de:hebis:30-1132881\" rel=\"nofollow\">UB Frankfurt\/M.<\/a>, <a class=\"external text\" href=\"http:\/\/www.archive.org\/details\/bub_gb_nUIFAAAAYAAJ\" rel=\"nofollow\">Internet\u00a0Archive<\/a> = <a class=\"external text\" href=\"https:\/\/books.google.com\/books?id=nUIFAAAAYAAJ\" rel=\"nofollow\">Google-USA<\/a><a class=\"mw-redirect\" title=\"Wikisource:GBSUS\" href=\"https:\/\/de.wikisource.org\/wiki\/Wikisource:GBSUS\">*<\/a><\/li>\n<\/ul>\n<\/li>\n<\/ul>\n<p>Other editions, too, come into play, partly because they are cited by the pencil annotations on the fragments, and partly because they sometimes reveal information about the witnesses \u2014 extant or lost \u2014 upon which their or others&#8217; editions depend.<\/p>\n<p style=\"padding-left: 30px;\">Johann Adam <strong>Kopp<\/strong>,<br \/>\n<a href=\"https:\/\/books.google.com\/books?id=MMJKAAAAcAAJ&amp;pg=PA446&amp;lpg=PA446&amp;dq=%22tractatus+iuris+publici%22+%2B+Selbold&amp;source=bl&amp;ots=uz-H0100jk&amp;sig=ACfU3U0Ub1g-F6wNKWsoiB5XlF1u6XcXIw&amp;hl=en&amp;sa=X&amp;ved=2ahUKEwjlw96vt-fpAhWohXIEHThcCZcQ6AEwAHoECAoQAQ#v=onepage&amp;q=%22tractatus%20iuris%20publici%22%20%2B%20Selbold&amp;f=false\" target=\"_blank\" rel=\"noopener\">Tractatus Iuris Publici De insigni differentia inter S. R. J. Comites et Nobiles immediatos . . .\u00a0<\/a> (Strassburg, 2nd ed., 1725)<\/p>\n<p style=\"padding-left: 30px;\">Stephanus-Alexander <strong>W\u00fcrdtwein<\/strong>,<br \/>\n<a href=\"https:\/\/books.google.com\/books?id=aepVAAAAcAAJ&amp;pg=PA163&amp;lpg=PA163&amp;dq=%22Gerlaco+de+Budingen%22&amp;source=bl&amp;ots=6qP4pQmANz&amp;sig=ACfU3U3b9zxmAVPCJJR4wXnJkQe9J5_0tA&amp;hl=en&amp;sa=X&amp;ved=2ahUKEwiw6f7D0cHpAhWEmXIEHX0QCToQ6AEwAXoECAoQAQ#v=onepage&amp;q=%22Gerlaco%20de%20Budingen%22&amp;f=false\" target=\"_blank\" rel=\"noopener\">Diocesis Moguntina in archdiaconatus distincta . . . ex documentis authenticis<\/a> (Mannheim:\u00a0 Typis Academicis, 1774)<\/p>\n<p style=\"padding-left: 30px;\"><span class=\"addmd\">Helfrich Bernhard <strong>Wenck<\/strong>, <a href=\"https:\/\/reader.digitale-sammlungen.de\/\/de\/fs1\/object\/display\/bsb10003473_00001.html\" target=\"_blank\" rel=\"noopener\">Hessisches Landesgeschichte, II<\/a>,<br \/>\nVolume II:\u00a0 <a href=\"https:\/\/reader.digitale-sammlungen.de\/\/de\/fs1\/object\/display\/bsb10003473_00001.html\" target=\"_blank\" rel=\"noopener\">Urkundenbuch<\/a> (Frankfurt am Mayn, 1797)<br \/>\n<\/span><\/p>\n<p style=\"padding-left: 30px;\">Gustav <strong>Simon<\/strong>, <span id=\"author-1\"><\/span><em>Die Geschichte des reichsst\u00e4ndischen Hauses Ysenburg und B\u00fcdingen<\/em>,<br \/>\nVolume III:\u00a0 <a href=\"https:\/\/play.google.com\/store\/books\/details?id=vS47AAAAYAAJ&amp;rdid=book-vS47AAAAYAAJ&amp;rdot=1: target=\">Das Ysenburg und B\u00fcdingen&#8217;sche Urkungdenbuch<\/a>\u00a0(Frankfurt am Main:\u00a0 Br\u00f6nner, 1865)<\/p>\n<p>And also &#8220;<strong>Gudenus<\/strong> <em>Codex Diplomaticus<\/em>&#8220;?\u00a0 Still not sure about that one.<\/p>\n<h2>Variability of the Editions<\/h2>\n<p>Inconsistencies or variations among the editions in reporting which source texts served as the foundation for their edited texts, and in describing some of those sources, impedes the quest to discern the identities and interrelationships of those sources.\u00a0 In particular, our quest focuses upon known <span style=\"color: #ff0000;\">cartularies of Selbold <span style=\"color: #000000;\">(highlighted here in<\/span> red<span style=\"color: #000000;\">)<\/span><\/span><span style=\"color: #000000;\">,<\/span> whether extant or lost (<span style=\"color: #ff0000;\">*<\/span>).<\/p>\n<p>The quest is further complicated by cursory citations of scholarly publications, both on the fragments themselves in pencil and in published accounts, including editions.\u00a0 For example, an editor&#8217;s reference (see below) to &#8220;Gudenus (<em>Codex Diplomaticus<\/em>)&#8221;, <em>tout court<\/em>, can be difficult to track, given, for example, multiple volumes or editions of a given publication (namely by <a href=\"https:\/\/www.worldcat.org\/identities\/lccn-n93062781\/\" target=\"_blank\" rel=\"noopener\">Valentin Ferdinand von Gudenus<\/a>), whose title might begin with that phrase, use those 2 words in some expanded form (which can vary from 1 work or edition to another), or pertain to more than one series, devoted to different centers of documentary corpora.\u00a0 With persistence and resourcefulness, however, paying attention to details of the different reports, it is possible to discern some contours among the gloom.<\/p>\n<p>A bonus is that comparing the various editions, and the ways in which they report, or do not report, their source manuscripts or documents, makes some headway in lighting the path toward possibly identifying the late-medieval <span style=\"color: #ff0000;\">Selbold Cartulary Fragments<\/span> among them.<\/p>\n<h2>The Documents As Represented<\/h2>\n<p>Here we number the documents consecutively as they appear on the fragments and highlight them in <strong>bold<\/strong> (&#8220;<strong>Texts 1\u20138<\/strong>&#8220;).<\/p>\n<h2>Leaf 1:\u00a0 Archbishop Heinrich I of Mainz<\/h2>\n<p>The single leaf carries the transcripts of 2 documents.\u00a0 The first begins at the top of the recto, and continues to the first 4 lines of the verso.\u00a0 The second fills the rest of the page, and comes close to completing its course at the end of the last line of the column.\u00a0 Both documents were issued in <a href=\"https:\/\/en.wikipedia.org\/wiki\/Mainz\" target=\"_blank\" rel=\"noopener\">Mainz<\/a> (Latin <em>Mogontiacum<\/em>) by Henry I or <a href=\"https:\/\/en.wikipedia.org\/wiki\/Henry_I_(archbishop_of_Mainz)\" target=\"_blank\" rel=\"noopener\">Heinrich I, Archbishop of Mainz<\/a> (circa 1080 \u2013 1153), archbishop from 1142 to 1153.<\/p>\n<p>While libraries remain closed [Spring 2020], I have not yet seen:<br \/>\nPeter Acht, ed., <em>Mainzer Urkundenbuch,<\/em> II:\u00a0<em> Die Urkunden seit dem Tode Erzbischof Adalberts I. (1137) bis zum Tode Erzbischof Konrads (1200) <\/em>(Darmstadt:\u00a0 Hessische Historische Kommission, 1968 and 1971).<\/p>\n<div id=\"attachment_13403\" style=\"width: 1004px\" class=\"wp-caption aligncenter\"><img aria-describedby=\"caption-attachment-13403\" loading=\"lazy\" class=\"wp-image-13403 size-large\" src=\"https:\/\/manuscriptevidence.org\/wpme\/wp-content\/uploads\/2020\/05\/Hermann_Emden_-_Mainzer_Dom_von_S\u00fcdosten_vor1858_ZBm262-994x1024.jpg\" alt=\"Mainz Cathedral from SE before 1858. Photograph published by Hermann Emden (1858). Public Domain, via Wikimedia Commons. \" width=\"994\" height=\"1024\" srcset=\"https:\/\/manuscriptevidence.org\/wpme\/wp-content\/uploads\/2020\/05\/Hermann_Emden_-_Mainzer_Dom_von_S\u00fcdosten_vor1858_ZBm262-994x1024.jpg 994w, https:\/\/manuscriptevidence.org\/wpme\/wp-content\/uploads\/2020\/05\/Hermann_Emden_-_Mainzer_Dom_von_S\u00fcdosten_vor1858_ZBm262-146x150.jpg 146w, https:\/\/manuscriptevidence.org\/wpme\/wp-content\/uploads\/2020\/05\/Hermann_Emden_-_Mainzer_Dom_von_S\u00fcdosten_vor1858_ZBm262-291x300.jpg 291w, https:\/\/manuscriptevidence.org\/wpme\/wp-content\/uploads\/2020\/05\/Hermann_Emden_-_Mainzer_Dom_von_S\u00fcdosten_vor1858_ZBm262-768x791.jpg 768w\" sizes=\"(max-width: 994px) 100vw, 994px\" \/><p id=\"caption-attachment-13403\" class=\"wp-caption-text\">Mainz Cathedral from SE before 1858. Photograph published by Hermann Emden (1858). Public Domain, via Wikimedia Commons.<\/p><\/div>\n<h3>Text 1.\u00a0 Archbishop Heinrich I of Mainz, at <a href=\"https:\/\/en.wikipedia.org\/wiki\/Mainz\" target=\"_blank\" rel=\"noopener\">Mainz<\/a>, 25 May 1151<\/h3>\n<p>Folio &#8220;1&#8221; r1 \u2013v4<\/p>\n<div id=\"attachment_13419\" style=\"width: 1018px\" class=\"wp-caption aligncenter\"><img aria-describedby=\"caption-attachment-13419\" loading=\"lazy\" class=\"wp-image-13419 size-full\" src=\"https:\/\/manuscriptevidence.org\/wpme\/wp-content\/uploads\/2020\/05\/Selbold-fol-1r-upper.jpg\" alt=\"Selbold Cartulary Fragment folio &quot;1&quot; recto upper portion.\" width=\"1008\" height=\"464\" srcset=\"https:\/\/manuscriptevidence.org\/wpme\/wp-content\/uploads\/2020\/05\/Selbold-fol-1r-upper.jpg 1008w, https:\/\/manuscriptevidence.org\/wpme\/wp-content\/uploads\/2020\/05\/Selbold-fol-1r-upper-150x69.jpg 150w, https:\/\/manuscriptevidence.org\/wpme\/wp-content\/uploads\/2020\/05\/Selbold-fol-1r-upper-300x138.jpg 300w, https:\/\/manuscriptevidence.org\/wpme\/wp-content\/uploads\/2020\/05\/Selbold-fol-1r-upper-768x354.jpg 768w\" sizes=\"(max-width: 1008px) 100vw, 1008px\" \/><p id=\"caption-attachment-13419\" class=\"wp-caption-text\">Selbold Cartulary Fragment folio &#8220;1&#8221; recto upper portion.<\/p><\/div>\n<p>\u2014 In pencil on recto and verso:\u00a0 &#8220;Reimer I Nr. 90&#8221; \/ &#8220;R. I. 90&#8221;<\/p>\n<div id=\"attachment_13428\" style=\"width: 1020px\" class=\"wp-caption aligncenter\"><img aria-describedby=\"caption-attachment-13428\" loading=\"lazy\" class=\"wp-image-13428 size-full\" src=\"https:\/\/manuscriptevidence.org\/wpme\/wp-content\/uploads\/2020\/05\/Selbold-fol-1v-top-1.jpg\" alt=\"Selbold Cartulary Fragment folio &quot;1&quot; verso upper portion.\" width=\"1010\" height=\"482\" srcset=\"https:\/\/manuscriptevidence.org\/wpme\/wp-content\/uploads\/2020\/05\/Selbold-fol-1v-top-1.jpg 1010w, https:\/\/manuscriptevidence.org\/wpme\/wp-content\/uploads\/2020\/05\/Selbold-fol-1v-top-1-150x72.jpg 150w, https:\/\/manuscriptevidence.org\/wpme\/wp-content\/uploads\/2020\/05\/Selbold-fol-1v-top-1-300x143.jpg 300w, https:\/\/manuscriptevidence.org\/wpme\/wp-content\/uploads\/2020\/05\/Selbold-fol-1v-top-1-768x367.jpg 768w\" sizes=\"(max-width: 1010px) 100vw, 1010px\" \/><p id=\"caption-attachment-13428\" class=\"wp-caption-text\">Selbold Cartulary Fragment folio &#8220;1&#8221; verso upper portion.<\/p><\/div>\n<p>Editions of the text include one &#8220;Reimer&#8221; as well as others.<\/p>\n<p>= Heinrich Reimer, <em>Hessisches Urkundenbuch<\/em>, II. <em>Urkundenbuch zur Geschichte der Herren von Hanau und der ehemaligen Provinz Hanau<\/em>, 1:\u00a0 <em>767\u20131300<\/em> \u00a0(Leipzig:\u00a0 S. Hirzel, 1891), <a href=\"https:\/\/books.google.com\/books?id=XpcEdd2n7M0C&amp;pg=PA402&amp;lpg=PA402&amp;dq=kopialbuche+%2B+Selbold&amp;source=bl&amp;ots=wFKnwJMouc&amp;sig=ACfU3U3OyWIm5McPfiM3l7RRsJbhutFrqQ&amp;hl=en&amp;sa=X&amp;ved=2ahUKEwiNk7DAysvpAhVJonIEHXX3DJcQ6AEwAnoECAkQAQ#v=onepage&amp;q=kopialbuche%20%2B%20Selbold&amp;f=false\" target=\"_blank\" rel=\"noopener\">No. 90 (pp. 62\u201364)<\/a>.<\/p>\n<p style=\"padding-left: 30px;\">In which &#8220;Erzbischoff Heinrich von Mainz bewilligt dem Kloster Selbold die stiftung eines von abte abh\u00e4ngigen frauenklosters zu <a href=\"https:\/\/books.google.com\/books?id=Uw2gAAAAMAAJ&amp;pg=PA935&amp;lpg=PA935&amp;dq=%22Rode+bei+Walluf%22&amp;source=bl&amp;ots=Xx-z4cFgw0&amp;sig=ACfU3U2uhSmNrZx3CYX60FRSHoIm7BqQvQ&amp;hl=en&amp;sa=X&amp;ved=2ahUKEwjenvLr09rpAhUnhHIEHcP9AkgQ6AEwAHoECAYQAQ#v=onepage&amp;q=%22Rode%20bei%20Walluf%22&amp;f=false\" target=\"_blank\" rel=\"noopener\">Rode bei Walluf<\/a>.&#8221;<\/p>\n<p style=\"padding-left: 30px;\">Edited from 1 witness:\u00a0 &#8220;Abschrift im <span style=\"color: #ff0000;\">Selbolder kopialbuche zu Birstein (B)<\/span>&#8220;<\/p>\n<p>Also (for example):<\/p>\n<p>= Karl Menzel and Wilhelm Sauer, eds., <em>Codex diplomaticus Nassoicus: Die Urkunden des ehemals Kurmainzischen Gebiets, einschliesslich der Herrschaften Eppenstein, K\u00f6nigstein und Falkenstein; der Niedergrafschaft Katzenelbogen des Kurpf\u00e4lzischen Amts Caub<\/em> (Wiesbaden: J. Niedner, 1885), <a href=\"https:\/\/play.google.com\/store\/books\/details?id=9zsOAAAAQAAJ&amp;rdid=book-9zsOAAAAQAAJ&amp;rdot-1\" target=\"_blank\" rel=\"noopener\">Volume I<\/a> (Wiesbaden, 1885),\u00a0<a href=\"https:\/\/play.google.com\/store\/books\/details?id=9zsOAAAAQAAJ&amp;rdid=book-9zsOAAAAQAAJ&amp;rdot-1\" target=\"_blank\" rel=\"noopener\">No. 228 (pp. 166\u2013167)<\/a><\/p>\n<p>[Repeated in <span class=\"fn\"><span dir=\"ltr\">Wilhelm Sauer and Karl Menzel, <em>Die Urkunden des ehemals Kurmainzischen Gebiets, ein schliesslich der Herrschaften Eppenstein, K\u00f6nigstein und Falkenstein<\/em><\/span><\/span><em>: <\/em><span class=\"subtitle\"><em><span dir=\"ltr\">der Niedergraftschaft Katzenelnbogen und des kurpf\u00e4lzischen Amts Caub<\/span><\/em>, <a href=\"https:\/\/play.google.com\/store\/books\/details?id=v7RQTeJTZD0C&amp;rdid=book-v7RQTeJTZD0C&amp;rdot=1\" target=\"_blank\" rel=\"noopener\">Volume 1, Part 1<\/a> (Wiesbaden:\u00a0 J. Niedner, 1886), No. 228 (pp. 166\u2013167).]<\/span><\/p>\n<p style=\"padding-left: 30px;\">In which &#8220;Erzbischoff Heinrich I. von Mainz nimmt das von dem Kloster Selbold bei Rode gegr\u00fcndete Frauenkloster in seinen Schutz bestatigt demselben den Besitz der von Embricho von Steinheim geschenkten G\u00fcter und der bisher den Kloster Selbold geh\u00f6rigen G\u00fcter zu <a href=\"https:\/\/de.wikipedia.org\/wiki\/Hattenheim\" target=\"_blank\" rel=\"noopener\">Hattenheim<\/a> und <a href=\"https:\/\/de.wikipedia.org\/wiki\/Eltville_am_Rhein\" target=\"_blank\" rel=\"noopener\">Eltville<\/a> und gestattet der Klostergeistlichen die Aus\u00fcbung von Pfarrechten&#8221; (p. 166).<\/p>\n<p>This edition notes that the document was also printed by &#8220;Wenck, Hess. L.\u2013G. IIb, S. 101.&#8221; That is:<\/p>\n<div id=\"volume-info-sidebar\"><span class=\"addmd\">= Helfrich Bernhard Wenck, <a href=\"https:\/\/reader.digitale-sammlungen.de\/\/de\/fs1\/object\/display\/bsb10003473_00001.html\" target=\"_blank\" rel=\"noopener\">Hessisches Landesgeschichte, II<\/a>:\u00a0 <em>Urkundebuch zum zweiten Band der hessischen Landesgeschichte<\/em> (Frankfurt am Mayn, 1797), <\/span><a href=\"https:\/\/reader.digitale-sammlungen.de\/de\/fs1\/object\/display\/bsb10003473_00108.html\" target=\"_blank\" rel=\"noopener\">No. LXXI, pp. 101\u2013102.<\/a><\/div>\n<div><\/div>\n<div style=\"padding-left: 30px;\">In which &#8220;Erzb. Heinrich von Mainz unterwirft das Nonnenkloster <a href=\"https:\/\/de.wikipedia.org\/wiki\/Meerholz\" target=\"_blank\" rel=\"noopener\">Meerholz<\/a> [<em>sic<\/em>] den Kloster Selbold und nimmt es in seinen Schutz&#8221; (p. 102).<\/div>\n<h3>Text 2.\u00a0 Variant of the Same:<br \/>\nArchbishop Heinrich I of Mainz, [at Mainz, 25 May] 1151, Incomplete<\/h3>\n<p>Folio &#8220;1&#8221; v5\u201334<\/p>\n<div id=\"attachment_13420\" style=\"width: 1020px\" class=\"wp-caption aligncenter\"><img aria-describedby=\"caption-attachment-13420\" loading=\"lazy\" class=\"wp-image-13420 size-full\" src=\"https:\/\/manuscriptevidence.org\/wpme\/wp-content\/uploads\/2020\/05\/Selbold-fol-1v-top.jpg\" alt=\"Selbold Cartulary Fragment, Folio &quot;1&quot; verso upper portion.\" width=\"1010\" height=\"482\" srcset=\"https:\/\/manuscriptevidence.org\/wpme\/wp-content\/uploads\/2020\/05\/Selbold-fol-1v-top.jpg 1010w, https:\/\/manuscriptevidence.org\/wpme\/wp-content\/uploads\/2020\/05\/Selbold-fol-1v-top-150x72.jpg 150w, https:\/\/manuscriptevidence.org\/wpme\/wp-content\/uploads\/2020\/05\/Selbold-fol-1v-top-300x143.jpg 300w, https:\/\/manuscriptevidence.org\/wpme\/wp-content\/uploads\/2020\/05\/Selbold-fol-1v-top-768x367.jpg 768w\" sizes=\"(max-width: 1010px) 100vw, 1010px\" \/><p id=\"caption-attachment-13420\" class=\"wp-caption-text\">Selbold Cartulary Fragment, Folio &#8220;1&#8221; verso upper portion.<\/p><\/div>\n<p>\u2014 In pencil:\u00a0 &#8220;Reimer[?] I 91[?]&#8221;<\/p>\n<p>= Heinrich Reimer, <em>Hessisches Urkundenbuch<\/em>, II. <em>Urkundenbuch zur Geschichte der Herren von Hanau und der ehemaligen Provinz Hanau<\/em>, 1: <a href=\"https:\/\/reader.digitale-sammlungen.de\/de\/fs1\/object\/display\/bsb10003473_00009.html\" target=\"_blank\" rel=\"noopener\"><em>767\u20131300<\/em><\/a> (Leipzig:\u00a0 S. Hirzel, 1891). <a href=\"https:\/\/reader.digitale-sammlungen.de\/de\/fs1\/object\/display\/bsb10003473_00009.html\" target=\"_blank\" rel=\"noopener\">No. 91 (pp. 64\u201365)<\/a>, with comments as to how and why the document is a forgery.<\/p>\n<p style=\"padding-left: 30px;\">In which &#8220;Erzbischof Heinrich von Mainz nimmt das Kloster Selbold mit seinen besitzungen in seinen schutz&#8221;.<\/p>\n<p style=\"padding-left: 30px;\">&#8220;Abschrift im <span style=\"color: #ff0000;\">Selbolder kopialbuche zu Birstein (B)<\/span> . . . Die urkunde ist gef\u00e4lscht auf grunde . . . &#8221; (p. 65).<\/p>\n<p>At the end of the page, the text in the fragment ends abruptly within the dating clause, and before the statement of location, month, and day.\u00a0 According to the printed edition (and to the comparable conclusion of Text 1 higher on the page), that clause would have concluded in a line or two of script on the next page (now lost):<\/p>\n<p style=\"padding-left: 30px;\"><em>Anno incarnationis dominice MCLI., indictione XIIII., concurrente VII.<\/em>,<br \/>\n[ \/ <em>epacta XII. conscriptum est hoc priviligium.\u00a0 Datum Moguntie VIII. calend. Juni, luna V<\/em>.]<\/p>\n<div id=\"attachment_13429\" style=\"width: 1028px\" class=\"wp-caption aligncenter\"><img aria-describedby=\"caption-attachment-13429\" loading=\"lazy\" class=\"wp-image-13429 size-full\" src=\"https:\/\/manuscriptevidence.org\/wpme\/wp-content\/uploads\/2020\/05\/Selbold-fol-1v-lower.jpg\" alt=\"Selbold Cartulary Fragment folio &quot;1&quot; verso lower portion. \" width=\"1018\" height=\"396\" srcset=\"https:\/\/manuscriptevidence.org\/wpme\/wp-content\/uploads\/2020\/05\/Selbold-fol-1v-lower.jpg 1018w, https:\/\/manuscriptevidence.org\/wpme\/wp-content\/uploads\/2020\/05\/Selbold-fol-1v-lower-150x58.jpg 150w, https:\/\/manuscriptevidence.org\/wpme\/wp-content\/uploads\/2020\/05\/Selbold-fol-1v-lower-300x117.jpg 300w, https:\/\/manuscriptevidence.org\/wpme\/wp-content\/uploads\/2020\/05\/Selbold-fol-1v-lower-768x299.jpg 768w\" sizes=\"(max-width: 1018px) 100vw, 1018px\" \/><p id=\"caption-attachment-13429\" class=\"wp-caption-text\">Selbold Cartulary Fragment folio &#8220;1&#8221; verso lower portion.<\/p><\/div>\n<p>Who knows why the partition of this Selbold Cartulary Fragment into the 3 leaves alone chose to truncate the text?\u00a0 We might imagine that the couple of lines or so &#8220;left over&#8221; from this text at the top of the next recto were deemed insufficient as a claim when the next document(s) of whatever contents might exert a claim of their own by virtue of beginning (presumably) with a prominent initial and new section, with a view for some other claimant as buyer.<\/p>\n<h2>Folios &#8220;2\u20133&#8221;:\u00a0 Kings and Holy Roman Emperors<\/h2>\n<div id=\"attachment_13396\" style=\"width: 265px\" class=\"wp-caption alignright\"><img aria-describedby=\"caption-attachment-13396\" loading=\"lazy\" class=\"wp-image-13396 size-medium\" src=\"https:\/\/manuscriptevidence.org\/wpme\/wp-content\/uploads\/2020\/05\/Conrad_III_of_Germany_charter_of_1142-255x300.jpg\" alt=\"Charter (2nd copy) of King Conrad III of Germany for Stift Ranshofen, issued between June and September 1142. M\u00fcnchen, Bayerisches Hauptstaatsarchiv, Kaiserselekt 467. Image Public Domain via Wikimedia Commons.\" width=\"255\" height=\"300\" srcset=\"https:\/\/manuscriptevidence.org\/wpme\/wp-content\/uploads\/2020\/05\/Conrad_III_of_Germany_charter_of_1142-255x300.jpg 255w, https:\/\/manuscriptevidence.org\/wpme\/wp-content\/uploads\/2020\/05\/Conrad_III_of_Germany_charter_of_1142-127x150.jpg 127w, https:\/\/manuscriptevidence.org\/wpme\/wp-content\/uploads\/2020\/05\/Conrad_III_of_Germany_charter_of_1142-768x905.jpg 768w, https:\/\/manuscriptevidence.org\/wpme\/wp-content\/uploads\/2020\/05\/Conrad_III_of_Germany_charter_of_1142-869x1024.jpg 869w, https:\/\/manuscriptevidence.org\/wpme\/wp-content\/uploads\/2020\/05\/Conrad_III_of_Germany_charter_of_1142.jpg 2007w\" sizes=\"(max-width: 255px) 100vw, 255px\" \/><p id=\"caption-attachment-13396\" class=\"wp-caption-text\">Charter (2nd copy) of King Conrad III of Germany for Stift Ranshofen, issued between June and September 1142. M\u00fcnchen, Bayerisches Hauptstaatsarchiv, Kaiserselekt 467. Image Public Domain via Wikimedia Commons.<\/p><\/div>\n<p>The bifolium carries 5 more texts, plus the first part of a 6th, which breaks off abruptly mid-phrase at the end of the last line on folio &#8220;3&#8221;.\u00a0 All 6 documents were issued by secular rulers, including some Holy Roman Emperors (&#8220;HRI&#8221;).<\/p>\n<ul>\n<li><a href=\"https:\/\/en.wikipedia.org\/wiki\/Conrad_III_of_Germany\" target=\"_blank\" rel=\"noopener\">Conrad III<\/a>\u00a0(1093 or 1094 \u2013 1152), <a title=\"Duchy of Franconia\" href=\"https:\/\/en.wikipedia.org\/wiki\/Duchy_of_Franconia\">Duke of Franconia<\/a> (1116\u20131120), <a title=\"Anti-king\" href=\"https:\/\/en.wikipedia.org\/wiki\/Anti-king\">Anti-king<\/a> (1127\u20131135) of his predecessor King <a title=\"Lothair III, Holy Roman Emperor\" href=\"https:\/\/en.wikipedia.org\/wiki\/Lothair_III,_Holy_Roman_Emperor\">Lothair III<\/a>, and King in the <a title=\"Holy Roman Empire\" href=\"https:\/\/en.wikipedia.org\/wiki\/Holy_Roman_Empire\">Holy Roman Empire<\/a> (1138\u20131152)<\/li>\n<\/ul>\n<ul>\n<li><a href=\"https:\/\/en.wikipedia.org\/wiki\/Frederick_II,_Holy_Roman_Emperor\" target=\"_blank\" rel=\"noopener\">Frederick II<\/a> (1194\u20131250), King of Sicily from 1198, King of Germany from 1212, King of Italy and <a title=\"Holy Roman Emperor\" href=\"https:\/\/en.wikipedia.org\/wiki\/Holy_Roman_Emperor\">Holy Roman Emperor<\/a> from 1220, and King of Jerusalem from 1225<\/li>\n<\/ul>\n<ul>\n<li><a href=\"https:\/\/en.wikipedia.org\/wiki\/Adolf_of_Germany\" target=\"+blank\" rel=\"noopener\">Adolf, King of Germany<\/a> (circa 1255 \u2013 1298), Count of Nassau from circa 1276 and <a title=\"List of German monarchs\" href=\"https:\/\/en.wikipedia.org\/wiki\/List_of_German_monarchs\">King of Germany<\/a> (<a title=\"King of the Romans\" href=\"https:\/\/en.wikipedia.org\/wiki\/King_of_the_Romans\">King of the Romans<\/a>) from 1292 until his deposition\u00a0 in 1298<\/li>\n<\/ul>\n<ul>\n<li><a href=\"https:\/\/en.wikipedia.org\/wiki\/Charles_IV,_Holy_Roman_Emperor\" target=\"_blank\" rel=\"noopener\">Karl IV<\/a> (1316\u20131378), King of Bohemia and <a title=\"Holy Roman Emperor\" href=\"https:\/\/en.wikipedia.org\/wiki\/Holy_Roman_Emperor\">Holy Roman Emperor<\/a> from 1355\u201378<\/li>\n<\/ul>\n<p>There are 1 document apiece for Conrad III, King Adolf, and Karl IV, and 3 for Frederick II.<\/p>\n<p>The editors and editions of several of these texts prove revealing as to the nature of their manuscript witnesses.<\/p>\n<h4>Text 3. <strong><a href=\"https:\/\/en.wikipedia.org\/wiki\/Conrad_III_of_Germany\" target=\"_blank\" rel=\"noopener\">Conrad III<\/a><\/strong> in 1143 (Regnal Year 5) at <em>Gelsterbach<\/em> (<a href=\"https:\/\/en.wikipedia.org\/wiki\/Kelsterbach\" target=\"_blank\" rel=\"noopener\">Kelsterbach<\/a>)<\/h4>\n<p>Folio &#8220;2&#8221; r 1\u201323<\/p>\n<div id=\"attachment_13422\" style=\"width: 845px\" class=\"wp-caption aligncenter\"><img aria-describedby=\"caption-attachment-13422\" loading=\"lazy\" class=\"wp-image-13422 size-full\" src=\"https:\/\/manuscriptevidence.org\/wpme\/wp-content\/uploads\/2020\/05\/Selbold-fol-2r-upper.jpg\" alt=\"Selbold Cartulary Fragment, Folio &quot;2&quot; recto upper portion.\" width=\"835\" height=\"298\" srcset=\"https:\/\/manuscriptevidence.org\/wpme\/wp-content\/uploads\/2020\/05\/Selbold-fol-2r-upper.jpg 835w, https:\/\/manuscriptevidence.org\/wpme\/wp-content\/uploads\/2020\/05\/Selbold-fol-2r-upper-150x54.jpg 150w, https:\/\/manuscriptevidence.org\/wpme\/wp-content\/uploads\/2020\/05\/Selbold-fol-2r-upper-300x107.jpg 300w, https:\/\/manuscriptevidence.org\/wpme\/wp-content\/uploads\/2020\/05\/Selbold-fol-2r-upper-768x274.jpg 768w\" sizes=\"(max-width: 835px) 100vw, 835px\" \/><p id=\"caption-attachment-13422\" class=\"wp-caption-text\">Selbold Cartulary Fragment, Folio &#8220;2&#8221; recto upper portion.<\/p><\/div>\n<p>\u2014 in pencil:\u00a0 &#8220;Simon \/ Urkundenbuch\u00a0 \/ N<sup>r<\/sup> IV&#8221;<\/p>\n<p>= Gustav <span style=\"color: #000000;\">Simon,<\/span> <span id=\"author-1\"><\/span><em>Die Geschichte des reichsst\u00e4ndischen Hauses Ysenburg und B\u00fcdingen<\/em>,<br \/>\nVolume III:\u00a0 <a href=\"https:\/\/play.google.com\/store\/books\/details?id=vS47AAAAYAAJ&amp;rdid=book-vS47AAAAYAAJ&amp;rdot=1: target=\">Das Ysenburg und B\u00fcdingen&#8217;sche Urkungdenbuch<\/a>\u00a0(Frankfurt am Main:\u00a0 Br\u00f6nner, 1865), Volume III, <a href=\"https:\/\/books.google.com\/books?id=vS47AAAAYAAJ&amp;pg=PA69&amp;lpg=PA69&amp;dq=%22Adolfus+dei+gratia+Romanorum+rex%22+%2B+1296+%2B+Simon&amp;source=bl&amp;ots=RY9UO6oKWy&amp;sig=ACfU3U0eTLUNLmgxN-Yp6X_Rsb1A8nU-XA&amp;hl=en&amp;sa=X&amp;ved=2ahUKEwiinPOZscHpAhU1YjUKHfI-DfAQ6AEwAHoECAYQAQ#v=onepage&amp;q=%22Adolfus%20dei%20gratia%20Romanorum%20rex%22%20%2B%201296%20%2B%20Simon&amp;f=false\" target=\"_blank\" rel=\"noopener\">No. IV (pages 8\u20139)<\/a><\/p>\n<p style=\"padding-left: 30px;\">In which &#8220;Der R\u00f6mische K\u00f6nig Konrad III. schenkt dem Kloster zu Selbold einen Zehnten, welchen der Propst Liutold daselbst bisher als Rechslehn besa\u03b2, also freies Eigenthum&#8221; (page 8).<\/p>\n<p style=\"padding-left: 30px;\">Edited from 1 documentary witness:\u00a0 &#8220;Aus dem Originale im Archiv zu <a href=\"https:\/\/en.wikipedia.org\/wiki\/Birstein\" target=\"_blank\" rel=\"noopener\">Birstein<\/a>&#8221; (that is, the parchment document, but missing its original seal)<\/p>\n<div id=\"attachment_13389\" style=\"width: 416px\" class=\"wp-caption aligncenter\"><img aria-describedby=\"caption-attachment-13389\" loading=\"lazy\" class=\"wp-image-13389 size-full\" src=\"https:\/\/manuscriptevidence.org\/wpme\/wp-content\/uploads\/2020\/05\/Konrad_III_Miniatur_13_Jahrhundert.jpg\" alt=\"Miniature of Conrad III of Germany from Chronica Regia Coloniensis (Cologne Kings' Chronicle; Cologne; ca. 1240). Brussels, Biblioth\u00e8que Royale, Ms. 467, fol. 64v. Public Domain via Wikimedia Commons.\" width=\"406\" height=\"898\" srcset=\"https:\/\/manuscriptevidence.org\/wpme\/wp-content\/uploads\/2020\/05\/Konrad_III_Miniatur_13_Jahrhundert.jpg 406w, https:\/\/manuscriptevidence.org\/wpme\/wp-content\/uploads\/2020\/05\/Konrad_III_Miniatur_13_Jahrhundert-68x150.jpg 68w, https:\/\/manuscriptevidence.org\/wpme\/wp-content\/uploads\/2020\/05\/Konrad_III_Miniatur_13_Jahrhundert-136x300.jpg 136w\" sizes=\"(max-width: 406px) 100vw, 406px\" \/><p id=\"caption-attachment-13389\" class=\"wp-caption-text\">Miniature of Conrad III of Germany from Chronica Regia Coloniensis (Cologne Kings&#8217; Chronicle; Cologne; ca. 1240). Brussels, Biblioth\u00e8que Royale, Ms. 467, fol. 64v. Public Domain via Wikimedia Commons.<\/p><\/div>\n<h3>Texts 4\u20135.\u00a0 Frederick II on 15 August 1217 at <em>Volda<\/em> (<a href=\"https:\/\/de.wikipedia.org\/wiki\/Fulda\" target=\"_blank\" rel=\"noopener\">Fulda<\/a>)<\/h3>\n<h4>Text 4.\u00a0 <strong>Frederick II,<\/strong> 15 August 1217 at <em>Volda<\/em> (<a href=\"https:\/\/de.wikipedia.org\/wiki\/Fulda\" target=\"_blank\" rel=\"noopener\">Fulda<\/a>)<\/h4>\n<p>Folio &#8220;2&#8221;r24\u2013&#8221;2&#8243;v19<\/p>\n<div id=\"attachment_13421\" style=\"width: 850px\" class=\"wp-caption aligncenter\"><img aria-describedby=\"caption-attachment-13421\" loading=\"lazy\" class=\"wp-image-13421 size-full\" src=\"https:\/\/manuscriptevidence.org\/wpme\/wp-content\/uploads\/2020\/05\/Selbold-fol-2r-lower.jpg\" alt=\"Selbold Cartulary Fragment, Folio &quot;2&quot; recto lower portion.\" width=\"840\" height=\"377\" srcset=\"https:\/\/manuscriptevidence.org\/wpme\/wp-content\/uploads\/2020\/05\/Selbold-fol-2r-lower.jpg 840w, https:\/\/manuscriptevidence.org\/wpme\/wp-content\/uploads\/2020\/05\/Selbold-fol-2r-lower-150x67.jpg 150w, https:\/\/manuscriptevidence.org\/wpme\/wp-content\/uploads\/2020\/05\/Selbold-fol-2r-lower-300x135.jpg 300w, https:\/\/manuscriptevidence.org\/wpme\/wp-content\/uploads\/2020\/05\/Selbold-fol-2r-lower-768x345.jpg 768w\" sizes=\"(max-width: 840px) 100vw, 840px\" \/><p id=\"caption-attachment-13421\" class=\"wp-caption-text\">Selbold Cartulary Fragment, Folio &#8220;2&#8221; recto lower portion.<\/p><\/div>\n<p>\u2014 in pencil:\u00a0 &#8220;Simon T \/ Seite 54 \/ Wen[c]k[?] \/ Urkundenbuch&#8221; (with the <em>T<\/em> more-or-less in the same line as<em> Simon<\/em>, but in firmer, darker strokes)<\/p>\n<p>&#8220;Page 54&#8221; of &#8220;Simon&#8221; or &#8220;Simon T&#8221;(?) presumably refers to:<br \/>\nGustav Simon, <em><a href=\"http:\/\/mdz-nbn-resolving.de\/urn:nbn:de:bvb:12-bsb10021440-6\" target=\"_blank\" rel=\"noopener\">Die Geschichte des reichsst\u00e4ndischen Hauses Ysenburg und B\u00fcdingen<\/a><\/em> (Frankfurt am Main:\u00a0 Br\u00f6nner, 1865), <a href=\"https:\/\/reader.digitale-sammlungen.de\/de\/fs1\/object\/display\/bsb10021440_00068.html\" target=\"_blank\" rel=\"noopener\">pp. 54\u201355<\/a><span class=\"addmd\">\u00a0on the history of <a href=\"https:\/\/en.wikipedia.org\/wiki\/Grindau\" target=\"_blank\" rel=\"noopener\">Grindau<\/a> and Frederick II&#8217;s decision (<em>Urtheil<\/em>) about it in 1217. (See also next Text.)<br \/>\n<\/span><\/p>\n<p>= Stephanus-Alexander W\u00fcrdtwein, <em>Diocesis Moguntina in archdiaconatus distincta <\/em>. . . (Mannheim:\u00a0 Typis Academicis, 1774), <a href=\"https:\/\/books.google.com\/books?id=aepVAAAAcAAJ&amp;pg=PA163&amp;lpg=PA163&amp;dq=%22Gerlaco+de+Budingen%22&amp;source=bl&amp;ots=6qP4pQmANz&amp;sig=ACfU3U3b9zxmAVPCJJR4wXnJkQe9J5_0tA&amp;hl=en&amp;sa=X&amp;ved=2ahUKEwiw6f7D0cHpAhWEmXIEHX0QCToQ6AEwAXoECAoQAQ#v=onepage&amp;q=%22Gerlaco%20de%20Budingen%22&amp;f=false\" target=\"_blank\" rel=\"noopener\">No. CXIII (pp. 162\u2013163)<\/a><\/p>\n<p style=\"padding-left: 30px;\">In which &#8220;Ecclesia Gr. [= <em>Grinda<\/em>] donatur Selboldensibus&#8221;<\/p>\n<div id=\"volume-info-sidebar\"><span class=\"addmd\"><span class=\"addmd\">= Helfrich Bernhard Wenck, <\/span><\/span><em>Hessische Landesgeschichte<\/em>, II:\u00a0 <em>Urkundenbuch<\/em> (Frankfurt am Mayn, 1797), <a href=\"https:\/\/books.google.com\/books?id=coZbAAAAcAAJ&amp;pg=PT137&amp;lpg=PT137&amp;dq=%22Gerlaco+de+Budingen%22&amp;source=bl&amp;ots=inaGzxO6ug&amp;sig=ACfU3U3UjthPOGmPaCv3MurT81Jj0Ulkgw&amp;hl=en&amp;sa=X&amp;ved=2ahUKEwiw6f7D0cHpAhWEmXIEHX0QCToQ6AEwAHoECAUQAQ#v=onepage&amp;q=%22Gerlaco%20de%20Budingen%22&amp;f=false\" target=\"&quot;_blank\" rel=\"noopener\">No. XCVII, pages 135\u2013136<\/a><br \/>\n(see also <strong>Text 5<\/strong> next).<\/div>\n<div><\/div>\n<div style=\"padding-left: 30px;\">In which &#8220;Kaiser Friedrich stellet dem Kloster Selbold das ihm eintreffene Patronatrecht \u00fcber die Kirche zu Grinda wieder her&#8221;.<\/div>\n<div><\/div>\n<div><span class=\"addmd\">= Jean-Louis-Alphonse Huillard-Br\u00e9holles<\/span>, ed., <span id=\"productTitle\" class=\"a-size-extra-large\"><em>Historia Diplomatica Friderica Secundi:\u00a0 sive Constitutiones, Privilegia, Manata, Instrumenta qu\u00e6 supersunt istitus imperatoris et filiorum ejus. Accedunt epistolae paparum et documenta varia<\/em>, Volume 1, Part 2 (Paris:\u00a0 1852), pp. <a href=\"https:\/\/books.google.com\/books?id=OFgBAAAAYAAJ&amp;pg=PA523&amp;lpg=PA523&amp;dq=%22gerlaco+de+budingen+nobili%22&amp;source=bl&amp;ots=LvoJj6VPyJ&amp;sig=ACfU3U0vN5sAsuHlwud2h5WyvBrGcvNoFA&amp;hl=en&amp;sa=X&amp;ved=2ahUKEwj_4vvg3sPpAhVfj3IEHZu3CrgQ6AEwBHoECAkQAQ#v=onepage&amp;q=%22gerlaco%20de%20budingen%20nobili%22&amp;f=false\" target=\"_blank\" rel=\"noopener\">521\u2013523<\/a><\/span>, including a note on the variant (= <strong>Text 5<\/strong>).<\/div>\n<h4>Text 5.\u00a0 Variant of the Same<\/h4>\n<p>Folio &#8220;2&#8221;r\u2013v<\/p>\n<div id=\"attachment_13421\" style=\"width: 850px\" class=\"wp-caption aligncenter\"><img aria-describedby=\"caption-attachment-13421\" loading=\"lazy\" class=\"wp-image-13421 size-full\" src=\"https:\/\/manuscriptevidence.org\/wpme\/wp-content\/uploads\/2020\/05\/Selbold-fol-2r-lower.jpg\" alt=\"Selbold Cartulary Fragment, Folio &quot;2&quot; recto lower portion.\" width=\"840\" height=\"377\" srcset=\"https:\/\/manuscriptevidence.org\/wpme\/wp-content\/uploads\/2020\/05\/Selbold-fol-2r-lower.jpg 840w, https:\/\/manuscriptevidence.org\/wpme\/wp-content\/uploads\/2020\/05\/Selbold-fol-2r-lower-150x67.jpg 150w, https:\/\/manuscriptevidence.org\/wpme\/wp-content\/uploads\/2020\/05\/Selbold-fol-2r-lower-300x135.jpg 300w, https:\/\/manuscriptevidence.org\/wpme\/wp-content\/uploads\/2020\/05\/Selbold-fol-2r-lower-768x345.jpg 768w\" sizes=\"(max-width: 840px) 100vw, 840px\" \/><p id=\"caption-attachment-13421\" class=\"wp-caption-text\">Selbold Cartulary Fragment, Folio &#8220;2&#8221; recto lower portion.<\/p><\/div>\n<p>\u2014 in pencil:\u00a0 &#8220;Simon T \/ Seite 54 \/ Wie vor [&#8216;as above&#8217;]&#8221; (with the <em>T<\/em> more-or-less in the same line as<em> Simon<\/em>, but in a firmer, darker stroke, perhaps unrelated)<\/p>\n<p>Variant of the same (See <strong>Text 4<\/strong>), ending on the recto with <em>contulemus perpetuo<\/em> and continuing on the verso with <em>in augmentum<\/em> . . .<\/p>\n<p><span class=\"addmd\">= Helfrich Bernhard Wenck, <a href=\"https:\/\/reader.digitale-sammlungen.de\/\/de\/fs1\/object\/display\/bsb10003473_00001.html\" target=\"_blank\" rel=\"noopener\">Hessisches Landesgeschichte, II<\/a>, Volume II:\u00a0 <a href=\"https:\/\/reader.digitale-sammlungen.de\/\/de\/fs1\/object\/display\/bsb10003473_00001.html\" target=\"_blank\" rel=\"noopener\">Urkundenbuch<\/a> (Frankfurt am Mayn, 1797), <a href=\"https:\/\/books.google.com\/books?id=coZbAAAAcAAJ&amp;pg=PT137&amp;lpg=PT137&amp;dq=%22Gerlaco+de+Budingen%22&amp;source=bl&amp;ots=inaGzxO6ug&amp;sig=ACfU3U3UjthPOGmPaCv3MurT81Jj0Ulkgw&amp;hl=en&amp;sa=X&amp;ved=2ahUKEwiw6f7D0cHpAhWEmXIEHX0QCToQ6AEwAHoECAUQAQ#v=onepage&amp;q=%22Gerlaco%20de%20Budingen%22&amp;f=false\" target=\"_blank\" rel=\"noopener\">No. XCVII**, pages 135\u2013136<\/a>, including observations on the doubled copies of the document, with some differences in their wording.<br \/>\n<\/span><\/p>\n<p style=\"padding-left: 30px;\">Note ** (p. 135):<br \/>\nEs ist diese Urkunde in einer doppelten, den Worten nach meist verschiednen, Form ausgefertigt worden, woron die gegenw\u00e4rtige de letztere scheint, weis sie in einigen St\u00fccken etwas umst\u00e4ndlicher und bestimmter ist, als die andre.\u00a0 Vermuthlich war eben diese Berichtigung die Ursache der doppelten Ausfertigung.<\/p>\n<p style=\"padding-left: 30px;\">Note * (p. 136):<br \/>\nIn gedachtem ersten Auffa\u03b2 dieser Urkunde heist es nach den Engangeformeln:\u00a0 <em>In de est, quod ecclesie congregationis canonice in Selbold<\/em> [ . . . ] <em>sive alium, sicut prius, instituant<\/em>, worauf die Endformeln und die nemlichen Zeugen folgen.<\/p>\n<div><span class=\"addmd\">= Jean-Louis-Alphonse Huillard-Br\u00e9holles<\/span>, ed., <span id=\"productTitle\" class=\"a-size-extra-large\"><em>Historia Diplomatica Friderica Secundi:\u00a0 sive Constitutiones, Privilegia, Manata, Instrumenta qu\u00e6 supersunt istitus imperatoris et filiorum ejus. Accedunt epistolae paparum et documenta varia<\/em>, Volume 1, Part 2 (Paris:\u00a0 1852), pp. <a href=\"https:\/\/books.google.com\/books?id=OFgBAAAAYAAJ&amp;pg=PA523&amp;lpg=PA523&amp;dq=%22gerlaco+de+budingen+nobili%22&amp;source=bl&amp;ots=LvoJj6VPyJ&amp;sig=ACfU3U0vN5sAsuHlwud2h5WyvBrGcvNoFA&amp;hl=en&amp;sa=X&amp;ved=2ahUKEwj_4vvg3sPpAhVfj3IEHZu3CrgQ6AEwBHoECAkQAQ#v=onepage&amp;q=%22gerlaco%20de%20budingen%20nobili%22&amp;f=false\" target=\"_blank\" rel=\"noopener\">521\u2013523<\/a><\/span>, concluding note.<\/div>\n<div><\/div>\n<div>= &#8220;W. Crecelius in Siberfeld&#8221; [<a class=\"new\" title=\"Gustav Schenk zu Schweinsberg (Seite nicht vorhanden)\" href=\"https:\/\/de.wikipedia.org\/w\/index.php?title=Gustav_Schenk_zu_Schweinsberg&amp;action=edit&amp;redlink=1\">Gustav Schenk zu Schweinsberg<\/a>], &#8220;Zur Geschichte des Hauses Ysenburg&#8221;, in <a href=\"https:\/\/catalog.hathitrust.org\/Record\/008882308\" target=\"_blank\" rel=\"noopener\">Archiv f\u00fcr hessische Geschichte und Altertumskunde<\/a><em>,<\/em> 14:1 (1875), pp. 245\u2013355, at pp. <a href=\"https:\/\/babel.hathitrust.org\/cgi\/pt?id=njp.32101073866715&amp;view=2up&amp;seq=260&amp;size=125\" target=\"_blank\" rel=\"noopener\">246\u2013247<\/a>, printing a full edition of this text \u2014 which Wenck, in his note, had edited only partly\u00a0\u2014 from a 15th-century <em>Abschrift<\/em> of unspecified location and format, whether document or book-form.\u00a0 (See also <strong>Text 7<\/strong> here.)<\/div>\n<div><\/div>\n<div style=\"padding-left: 30px;\">&#8220;Wodurch Kaiser Friedrich II. dem Kloster Selbold das ihm eintriffene Patronatrecht \u00fcber die Kirche zu Grinda wiederherstellt<br \/>\n(vg. Simon, Geschichte des reichst\u00e4ndischen Hauses Ysenburg und B\u00fcdingen I., S. 55)&#8221;.<\/div>\n<div><\/div>\n<div>The citation here of Simon&#8217;s Volume I, page 55, may help to explain the notes in pencil on the fragment referring doubly to &#8220;Simon \/ Seite 54&#8221;.<\/div>\n<div><\/div>\n<div><\/div>\n<div id=\"attachment_13395\" style=\"width: 693px\" class=\"wp-caption aligncenter\"><img aria-describedby=\"caption-attachment-13395\" loading=\"lazy\" class=\"wp-image-13395 size-large\" src=\"https:\/\/manuscriptevidence.org\/wpme\/wp-content\/uploads\/2020\/05\/Tomb_of_Frederick_II_Holy_Roman_Emperor_-_Cathedral_of_Palermo_-_Italy_2015-683x1024.jpg\" alt=\"Tomb of Frederick II, Palermo Cathedral. Photograph \u00a9 Jos\u00e9 Luiz Bernardes Ribeiro 2015 via Creative Commons.\" width=\"683\" height=\"1024\" srcset=\"https:\/\/manuscriptevidence.org\/wpme\/wp-content\/uploads\/2020\/05\/Tomb_of_Frederick_II_Holy_Roman_Emperor_-_Cathedral_of_Palermo_-_Italy_2015-683x1024.jpg 683w, https:\/\/manuscriptevidence.org\/wpme\/wp-content\/uploads\/2020\/05\/Tomb_of_Frederick_II_Holy_Roman_Emperor_-_Cathedral_of_Palermo_-_Italy_2015-100x150.jpg 100w, https:\/\/manuscriptevidence.org\/wpme\/wp-content\/uploads\/2020\/05\/Tomb_of_Frederick_II_Holy_Roman_Emperor_-_Cathedral_of_Palermo_-_Italy_2015-200x300.jpg 200w, https:\/\/manuscriptevidence.org\/wpme\/wp-content\/uploads\/2020\/05\/Tomb_of_Frederick_II_Holy_Roman_Emperor_-_Cathedral_of_Palermo_-_Italy_2015-768x1152.jpg 768w, https:\/\/manuscriptevidence.org\/wpme\/wp-content\/uploads\/2020\/05\/Tomb_of_Frederick_II_Holy_Roman_Emperor_-_Cathedral_of_Palermo_-_Italy_2015.jpg 2048w\" sizes=\"(max-width: 683px) 100vw, 683px\" \/><p id=\"caption-attachment-13395\" class=\"wp-caption-text\">Tomb of Frederick II, Palermo Cathedral. Photograph \u00a9 Jos\u00e9 Luiz Bernardes Ribeiro 2015 via Creative Commons.<\/p><\/div>\n<h3>Text 6.\u00a0 <a href=\"https:\/\/en.wikipedia.org\/wiki\/Adolf_of_Germany\" target=\"+blank\" rel=\"noopener\">King Adolf<\/a>, 15 July 1296 at <em>Geilnhusen<\/em> (<a href=\"https:\/\/en.wikipedia.org\/wiki\/Gelnhausen\" target=\"_blank\" rel=\"noopener\">Gelnhausen<\/a>)<\/h3>\n<p>Folio &#8220;3&#8221; r\u2013v<\/p>\n<div id=\"attachment_13432\" style=\"width: 1016px\" class=\"wp-caption aligncenter\"><img aria-describedby=\"caption-attachment-13432\" loading=\"lazy\" class=\"wp-image-13432 size-full\" src=\"https:\/\/manuscriptevidence.org\/wpme\/wp-content\/uploads\/2020\/05\/Selbold-fol-3r-lower-King-Adolf-12-July-1296.jpg\" alt=\"Selbold Cartulary Fragment folio &quot;3&quot; recto lower portion. \" width=\"1006\" height=\"586\" srcset=\"https:\/\/manuscriptevidence.org\/wpme\/wp-content\/uploads\/2020\/05\/Selbold-fol-3r-lower-King-Adolf-12-July-1296.jpg 1006w, https:\/\/manuscriptevidence.org\/wpme\/wp-content\/uploads\/2020\/05\/Selbold-fol-3r-lower-King-Adolf-12-July-1296-150x87.jpg 150w, https:\/\/manuscriptevidence.org\/wpme\/wp-content\/uploads\/2020\/05\/Selbold-fol-3r-lower-King-Adolf-12-July-1296-300x175.jpg 300w, https:\/\/manuscriptevidence.org\/wpme\/wp-content\/uploads\/2020\/05\/Selbold-fol-3r-lower-King-Adolf-12-July-1296-768x447.jpg 768w\" sizes=\"(max-width: 1006px) 100vw, 1006px\" \/><p id=\"caption-attachment-13432\" class=\"wp-caption-text\">Selbold Cartulary Fragment folio &#8220;3&#8221; recto lower portion.<\/p><\/div>\n<p><span class=\"addmd\">= Gustav Simon, <span id=\"author-1\"><\/span><em>Die Geschichte des reichsst\u00e4ndischen Hauses Ysenburg und B\u00fcdingen<\/em>,<br \/>\nVolume III:\u00a0 <a href=\"https:\/\/play.google.com\/store\/books\/details?id=vS47AAAAYAAJ&amp;rdid=book-vS47AAAAYAAJ&amp;rdot=1: target=\">Das Ysenburg und B\u00fcdingen&#8217;sche Urkungdenbuch<\/a>\u00a0(Frankfurt am Main:\u00a0 Br\u00f6nner, 1865), <\/span><a href=\"https:\/\/play.google.com\/books\/reader?id=vS47AAAAYAAJ&amp;hl=en&amp;pg=GBS.PA69\" target=\"_blank\" rel=\"noopener\">No. LXVIII<\/a> (pages 69\u201370)<\/p>\n<p style=\"padding-left: 30px;\">In which &#8220;der r\u00f6mische K\u00f6nig Adolf gestattet dem Kloster Selbold, reichtslehenbare G\u00fcter bis zum Betrage von 20 Wart j\u00e4hrligher Einf\u00fcnfte durch Kauf, Tausch, Schenkung oder auf andere rechtliche Weise zu erwerben&#8221;.<\/p>\n<p style=\"padding-left: 30px;\">Edited &#8220;Aus dem <span style=\"color: #ff0000;\">Selbolder Cop[ial].-Buche<\/span>&#8220;<\/p>\n<p>= Reimer, <em>Urkundenbuch<\/em>\u00a0(1891), No. 759 (pp. 553\u2013554)<\/p>\n<p style=\"padding-left: 30px;\">In which &#8220;K\u00f6nig Adolf erlaubt dem kloster Selbold, zehnten und andere reichslehen bis zum betrage von 30 mark eink\u00fcnften zu erwerben&#8221;.<\/p>\n<p style=\"padding-left: 30px;\">Witnesses, including a criticism of Simon&#8217;s &#8220;faulty&#8221; edition and the citation of 2 more editions, from a 15th-century copy and from an unspecified witness:<\/p>\n<p style=\"padding-left: 30px;\"><span style=\"color: #ff0000;\"><span style=\"color: #000000;\">[1]<\/span> Selbolder kopialbuch zu Birstein<\/span>.\u00a0 Hiernach gedruckt:\u00a0 Simon III 69 (fehlerhaft).<br \/>\n[2] Ferner nach einer abschrift des 15. jahrh. zu B\u00fcdingen gedruckt von Dr. <a href=\"https:\/\/de.wikipedia.org\/wiki\/Schenck_zu_Schweinsberg\" target=\"_blank\" rel=\"noopener\">Schenk zu Schweinsberg<\/a> im <a href=\"https:\/\/catalog.hathitrust.org\/Record\/008882308\" target=\"_blank\" rel=\"noopener\">Archiv f\u00fcr hess. Geschichte<\/a> XIV <a href=\"https:\/\/babel.hathitrust.org\/cgi\/pt?id=njp.32101073866715&amp;view=2up&amp;seq=260&amp;size=125\" target=\"_blank\" rel=\"noopener\">248<\/a>.<br \/>\n[3] Vergl. Kopp Iuris Germ. privati spec. II. de testamentis Germanorum 199.<\/p>\n<p>= &#8220;W. Crecelius in Siberfeld&#8221; [<a class=\"new\" title=\"Gustav Schenk zu Schweinsberg (Seite nicht vorhanden)\" href=\"https:\/\/de.wikipedia.org\/w\/index.php?title=Gustav_Schenk_zu_Schweinsberg&amp;action=edit&amp;redlink=1\">Gustav Schenk zu Schweinsberg<\/a>], &#8220;Zur Geschichte des Hauses Ysenburg&#8221;, in <a href=\"https:\/\/catalog.hathitrust.org\/Record\/008882308\" target=\"_blank\" rel=\"noopener\">Archiv f\u00fcr hessische Geschichte und Altertumskunde<\/a><em>,<\/em> 14:1 (1875), pp. 245\u2013355, at pp. <a href=\"https:\/\/babel.hathitrust.org\/cgi\/pt?id=njp.32101073866715&amp;view=2up&amp;seq=260&amp;size=125\" target=\"_blank\" rel=\"noopener\">247\u2013248<\/a>, citing a 15th-century <em>Abschrift<\/em> in the &#8220;old&#8221; Archive at B\u00fcdingen and its variants from Simon&#8217;s edition from the <span style=\"color: #ff0000;\">Selbold Copialbuch<\/span>, but without specifying whether that &#8220;copy&#8221; constituted a document or a codex.<\/p>\n<p>= Johann Adam Kopp, <em>Iuris germanici privati specimen secundum De testamentis Germanorum judicialibus et sub Dio condita vulg\u00f2 Ungehabt und Ungestabt<\/em> . . . (Frankfurt am Main:\u00a0 Johann Friedrick Fleischer, 1736), <a href=\"https:\/\/books.google.com\/books?id=sdRXAAAAcAAJ&amp;pg=PA198&amp;lpg=PA198&amp;dq=Kopp+%2B+iuris+germanici+privati+%2B+selbold&amp;source=bl&amp;ots=4fAtNo2ReD&amp;sig=ACfU3U0qc_1j_BsJ6XcXfdXuuU9o4r2h0Q&amp;hl=en&amp;sa=X&amp;ved=2ahUKEwjazISzoOfpAhWCd98KHcfMBR4Q6AEwAHoECAoQAQ#v=onepage&amp;q=Kopp%20%2B%20iuris%20germanici%20privati%20%2B%20selbold&amp;f=false\" target=\"_blank\" rel=\"noopener\">No. 6 (pp. 199\u2013200)<\/a>.\u00a0 <em>Kaisers Adolffi Privilegium.<\/em><\/p>\n<p style=\"padding-left: 30px;\">In which &#8220;Das das Kloster Selbold auch Reichs Lehensbahre G\u00fcther von denen Vasallen und Ministerialibus, durch Verm\u00e4chtn\u00fc\u03b2e und sonsten an sich bringen m\u00f6ge&#8221;.<\/p>\n<h3>Text 7.\u00a0 Frederick II, May 1236 at <em>Herbipolim<\/em> (<a href=\"https:\/\/de.wikipedia.org\/wiki\/W\u00fcrzburg\" target=\"_blank\" rel=\"noopener\">W\u00fcrzburg<\/a>)<\/h3>\n<p>Folio &#8220;3&#8221; v3\u201317<\/p>\n<p>\u2014 &#8220;123[?]6, Mai 3&#8221; as stated in red ink at the left<\/p>\n<div id=\"attachment_13426\" style=\"width: 1014px\" class=\"wp-caption aligncenter\"><img aria-describedby=\"caption-attachment-13426\" loading=\"lazy\" class=\"wp-image-13426 size-full\" src=\"https:\/\/manuscriptevidence.org\/wpme\/wp-content\/uploads\/2020\/05\/Selbold-fol-3v-Frederick-for-Selbold-3-May-1236.jpg\" alt=\"verso upper portion. Text 7: Frederick II, May 1236.\" width=\"1004\" height=\"582\" srcset=\"https:\/\/manuscriptevidence.org\/wpme\/wp-content\/uploads\/2020\/05\/Selbold-fol-3v-Frederick-for-Selbold-3-May-1236.jpg 1004w, https:\/\/manuscriptevidence.org\/wpme\/wp-content\/uploads\/2020\/05\/Selbold-fol-3v-Frederick-for-Selbold-3-May-1236-150x87.jpg 150w, https:\/\/manuscriptevidence.org\/wpme\/wp-content\/uploads\/2020\/05\/Selbold-fol-3v-Frederick-for-Selbold-3-May-1236-300x174.jpg 300w, https:\/\/manuscriptevidence.org\/wpme\/wp-content\/uploads\/2020\/05\/Selbold-fol-3v-Frederick-for-Selbold-3-May-1236-768x445.jpg 768w\" sizes=\"(max-width: 1004px) 100vw, 1004px\" \/><p id=\"caption-attachment-13426\" class=\"wp-caption-text\">Selbold Cartulary Fragment folio &#8220;3&#8221; verso upper portion. Text 7: Frederick II, May 1236.<\/p><\/div>\n<p>= Simon III (<a href=\"https:\/\/play.google.com\/store\/books\/details?id=vS47AAAAYAAJ&amp;rdid=book-vS47AAAAYAAJ&amp;rdot=1: target=\">Das Ysenburg und B\u00fcdingen&#8217;sche Urkungdenbuch<\/a> (1865), No. VIIa (page 13)<\/p>\n<p style=\"padding-left: 30px;\">In which &#8220;Kaiser Friedrich II. nimmt das Kloster Selbolt uebst den Besitzungen desselben in seinen Schutz&#8221;.<\/p>\n<p>The single witness employed for Simon&#8217;s edition is said to be a copy dating from the &#8220;14th or beginning of the 15h century&#8221; in a specific Private Collection:<\/p>\n<p style=\"padding-left: 30px;\">1 witness:\u00a0 &#8220;Nach einer <strong>Abschrift aus dem 14. oder dem Anfange des 15. Jahrhunderts im Privatbesizte des F\u00fcrsten Bruno zu Ysenburg<\/strong> [<em>highlights added<\/em>].<\/p>\n<p style=\"padding-left: 30px;\">Nicht ganz vollst\u00e4ndig abgedrucht bei Wenck, II.&#8221;<\/p>\n<p>That is:<\/p>\n<p>= <span class=\"addmd\">Helfrich Bernhard Wenck,<\/span> <em>Hessische Landesgeschichte,<\/em> II <span class=\"addmd\">:\u00a0 <a href=\"https:\/\/reader.digitale-sammlungen.de\/\/de\/fs1\/object\/display\/bsb10003473_00001.html\" target=\"_blank\" rel=\"noopener\">Urkundenbuch<\/a> (1797)<\/span>, <a href=\"https:\/\/reader.digitale-sammlungen.de\/de\/fs1\/object\/display\/bsb10003473_00159.html\" target=\"_blank\" rel=\"noopener\">no. CXVIII (pp. 153\u2013154)<\/a>.<\/p>\n<p style=\"padding-left: 30px;\">In which &#8220;K. Friedrich II. best\u00e4tigt dem Kloster Selbold seine Besitzungen, im Mai 1236&#8221;.<\/p>\n<p>On Wenck&#8217;s incomplete edition (according to Simon), see below.<\/p>\n<h3>Observations on Simon&#8217;s Witness for Text 7:\u00a0 In the Collection of Prince Bruno of Ysenburg\u2013B\u00fcdingen<\/h3>\n<p>We pause the course of scrutiny of editions of the texts contained within the <span style=\"color: #ff0000;\">Selbold Cartulary Fragment<\/span> and of editions of its <strong>Text 7<\/strong> in order to consider the character of Simon&#8217;s Witness for this text and its position among witnesses to the transmission of <span style=\"color: #ff0000;\">Selbold Cartularies<\/span> as a genre.<\/p>\n<div id=\"attachment_13372\" style=\"width: 234px\" class=\"wp-caption alignright\"><img aria-describedby=\"caption-attachment-13372\" loading=\"lazy\" class=\"wp-image-13372 size-medium\" src=\"https:\/\/manuscriptevidence.org\/wpme\/wp-content\/uploads\/2020\/05\/Selbold-3-verso-224x300.jpg\" alt=\"Private Collection, Selbold Cartulary Fragment, Folio 3 verso.\" width=\"224\" height=\"300\" srcset=\"https:\/\/manuscriptevidence.org\/wpme\/wp-content\/uploads\/2020\/05\/Selbold-3-verso-224x300.jpg 224w, https:\/\/manuscriptevidence.org\/wpme\/wp-content\/uploads\/2020\/05\/Selbold-3-verso-112x150.jpg 112w, https:\/\/manuscriptevidence.org\/wpme\/wp-content\/uploads\/2020\/05\/Selbold-3-verso-768x1031.jpg 768w, https:\/\/manuscriptevidence.org\/wpme\/wp-content\/uploads\/2020\/05\/Selbold-3-verso-763x1024.jpg 763w, https:\/\/manuscriptevidence.org\/wpme\/wp-content\/uploads\/2020\/05\/Selbold-3-verso.jpg 1018w\" sizes=\"(max-width: 224px) 100vw, 224px\" \/><p id=\"caption-attachment-13372\" class=\"wp-caption-text\">Private Collection, Selbold Cartulary Fragment, Folio 3 verso.<\/p><\/div>\n<p>The single witness which Simon&#8217;s edition <a href=\"https:\/\/play.google.com\/store\/books\/details?id=vS47AAAAYAAJ&amp;rdid=book-vS47AAAAYAAJ&amp;rdot=1: target=\">(1865), No. VIIa (page 13)<\/a>, employed for the text issued by Fredrick II at W\u00fcrzburg in May 123 was &#8220;a copy (<em>Abschrift<\/em>) from the 14th or beginning of the 15th century in the Private Collection of <em>F\u00fcrst Bruno zu Ysenburg<\/em>&#8220;.<\/p>\n<p>That owner would be none other than <a href=\"https:\/\/en.wikipedia.org\/wiki\/Bruno,_Prince_of_Ysenburg_and_B%C3%BCdingen\" target=\"_blank\" rel=\"noopener\">Bruno, Prince of Ysenburg and B\u00fcdingen<\/a> (1837\u20131906).\u00a0 He held the title of His Serene Highness, The Prince of Ysenburg and B\u00fcdingen, from 16 February 1861 to 26 January 1906.\u00a0 This position pertained to the <b><a title=\"Isenburg-B\u00fcdingen\" href=\"https:\/\/en.wikipedia.org\/wiki\/Isenburg-B%C3%BCdingen\">House of Ysenburg-B\u00fcdingen<\/a><\/b>, a Cadet branch of the <b><a class=\"mw-redirect\" title=\"House of Isenburg\" href=\"https:\/\/en.wikipedia.org\/wiki\/House_of_Isenburg\">House of Ysenburg<\/a><\/b>\u00a0.<\/p>\n<p>It remains unspecified what form and format was taken by the <em>Abschrift.<\/em>\u00a0 Perhaps the deployed witness \u2014 provided it was a manuscript rather than a document \u2014 is this very fragment of a <span style=\"color: #ff0000;\">Selbold Cartulary<\/span> (shown at the right), whose text corresponds fully with Simon&#8217;s edition, albeit with his silently expanded abbreviations and supplied punctuation.<\/p>\n<p>Putting the clues together, the reference in the Companion Note (see above) to this edition by &#8220;Simon III Nr. VIIa&#8221; for the &#8220;Prov.&#8221; of the &#8220;Hs.&#8221; (or manuscript) fragment might imply confirmation of the ownership of this very cartulary at Schloss B\u00fcdingen, as the present owner of the fragment surmised (see above).\u00a0 If so, the datings cited by Simon (<em>Abschrift aus dem 14. oder dem Anfange des 15. Jahrhunderts<\/em>) and by the Companion Note in typescript (<em>sp\u00e4tes 14. od<\/em><em>er<\/em> <em>fr\u00fches 15. J<\/em><em>ahr<\/em><em>h<\/em><em>undert<\/em>) would approximately concur in their assessments of the same manuscript, which could derive from some indicator(s) inscribed within it.<\/p>\n<div id=\"attachment_13845\" style=\"width: 1034px\" class=\"wp-caption aligncenter\"><img aria-describedby=\"caption-attachment-13845\" loading=\"lazy\" class=\"wp-image-13845 size-large\" src=\"https:\/\/manuscriptevidence.org\/wpme\/wp-content\/uploads\/2020\/07\/Schloss_B\u00fcdingen-1024x683.jpg\" alt=\"Schloss_B\u00fcdingen. Photograph by Sven Teschke (2006), via Creative Commons.\" width=\"1024\" height=\"683\" srcset=\"https:\/\/manuscriptevidence.org\/wpme\/wp-content\/uploads\/2020\/07\/Schloss_B\u00fcdingen-1024x683.jpg 1024w, https:\/\/manuscriptevidence.org\/wpme\/wp-content\/uploads\/2020\/07\/Schloss_B\u00fcdingen-150x100.jpg 150w, https:\/\/manuscriptevidence.org\/wpme\/wp-content\/uploads\/2020\/07\/Schloss_B\u00fcdingen-300x200.jpg 300w, https:\/\/manuscriptevidence.org\/wpme\/wp-content\/uploads\/2020\/07\/Schloss_B\u00fcdingen-768x512.jpg 768w, https:\/\/manuscriptevidence.org\/wpme\/wp-content\/uploads\/2020\/07\/Schloss_B\u00fcdingen.jpg 1063w\" sizes=\"(max-width: 1024px) 100vw, 1024px\" \/><p id=\"caption-attachment-13845\" class=\"wp-caption-text\">Schloss_B\u00fcdingen. Photograph by Sven Teschke (2006), via Creative Commons.<\/p><\/div>\n<h3>An Observation about Deciphering the Text<\/h3>\n<p>It is worth considering Simon&#8217;s notice that this text had &#8220;not been entirely completely printed by Wenck&#8221; (<em>Nicht ganz vollst\u00e4ndig abgedrucht bei Wenck, II<\/em>).\u00a0 How, exactly?<\/p>\n<p>In contrast to Simon&#8217;s, that edition \u2014 Wenck <span class=\"addmd\">(1797)<\/span>, <a href=\"https:\/\/reader.digitale-sammlungen.de\/de\/fs1\/object\/display\/bsb10003473_00159.html\" target=\"_blank\" rel=\"noopener\">no. CXVIII (pp. 153\u2013154)<\/a> \u2014 introduced an elipsis:<\/p>\n<p style=\"padding-left: 30px; text-align: center;\">&#8220;Geilnhusen, . . . &amp; partem de Weterbach&#8221;.<\/p>\n<p>Apparently for this reason alone Simon declared that edition &#8220;not entirely complete&#8221;.\u00a0 He deciphered the intervening portion as &#8220;Hectzs&#8221;.<\/p>\n<p>Examination of the passage in the <span style=\"color: #ff0000;\">Selbold Cartulary Fragment<\/span> itself allows for some sympathy for Wenck&#8217;s decision to give up on such a compacted clump of letters.\u00a0 (See the center of the 3rd line in the image below.)\u00a0 Such observations might permit us to wonder if Wenck and Simon were looking at this same witness.<\/p>\n<div id=\"attachment_13424\" style=\"width: 476px\" class=\"wp-caption aligncenter\"><img aria-describedby=\"caption-attachment-13424\" loading=\"lazy\" class=\"wp-image-13424 size-full\" src=\"https:\/\/manuscriptevidence.org\/wpme\/wp-content\/uploads\/2020\/05\/Selbold-fol-3v-Frederick-for-Selbold-3-May-1236-middle-right.jpg\" alt=\"Selbold Cartulary Fragment folio &quot;3&quot; verso upper portion. Text 7: Frederick II, May 1236.\" width=\"466\" height=\"153\" srcset=\"https:\/\/manuscriptevidence.org\/wpme\/wp-content\/uploads\/2020\/05\/Selbold-fol-3v-Frederick-for-Selbold-3-May-1236-middle-right.jpg 466w, https:\/\/manuscriptevidence.org\/wpme\/wp-content\/uploads\/2020\/05\/Selbold-fol-3v-Frederick-for-Selbold-3-May-1236-middle-right-150x49.jpg 150w, https:\/\/manuscriptevidence.org\/wpme\/wp-content\/uploads\/2020\/05\/Selbold-fol-3v-Frederick-for-Selbold-3-May-1236-middle-right-300x98.jpg 300w\" sizes=\"(max-width: 466px) 100vw, 466px\" \/><p id=\"caption-attachment-13424\" class=\"wp-caption-text\">Selbold Cartulary Fragment folio &#8220;3&#8221; verso upper portion. Text 7: Frederick II, May 1236.<\/p><\/div>\n<p>If not, this witness would have had to resemble closely a source very much like it, fudging the spelling from an exemplar difficult to decipher in precisely this place in an otherwise mostly legible text.<\/p>\n<h3>Reimer&#8217;s Witnesses to Text 7, Including Simon&#8217;s Witness (By Then Lost or Missing)<\/h3>\n<p>Reimer&#8217;s edition of the text has more to say on the subject of witnesses for it \u2014 accessible and not.\u00a0 It is worth taking his words for it, for what they are worth.<\/p>\n<p>= Heinrich Reimer, <em>Hessisches Urkundenbuch<\/em>, II. <em>Urkundenbuch zur Geschichte der Herren von Hanau und der ehemaligen Provinz Hanau<\/em>, 1: <em>767\u20131300 <\/em>(Leipzig:\u00a0 S. Hirzel, 1891), <a href=\"https:\/\/archive.org\/details\/hessischesurkun01wyssgoog\/page\/n186\/mode\/2up\">No. 196 (pp. 150\u2013151)<\/a>.<\/p>\n<p style=\"padding-left: 30px;\">In which &#8220;Kaiser Friedrich II nimmt das kloster Selbold mit den aufgef\u00fchrgen besitzungen in seinen schutz&#8221;.<\/p>\n<p style=\"padding-left: 30px;\">Witnesses:<\/p>\n<p style=\"padding-left: 30px;\">&#8220;Das original, welches 1543 im <a href=\"https:\/\/www.gelnhausen.de\/freizeit-kultur\/kultur\/stadtarchiv\/\" target=\"_blank\" rel=\"noopener\">Gelnh\u00e4user stadtarchiv<\/a> [<em>sic<\/em>, in lowercase] hinterlegt wurde, ist verloren gegangen.\u00a0 Dagegen hahen sich <em>mehrere abschriften eines kaiserlichen transsumptes dieser urkunde, von 1363 jan. 21, im Birsteiner archiv erhalten<\/em> [emphasis added].\u00a0 Zu grunde gelegt ist eine abschrift des 15. jahrhunderts auf pergament (A.), eine andere von etwa 1370 auf papier (B) ist zwar in den erhaltenen theilen recht gtu [<em>sic<\/em>, presumably for<em> gut<\/em>], aber unvollst\u00e4ndig; ausserdem ist daselbst noch eine des 15. jahrhunderts auf papier (C); eine des 16. jahrhunderts im <span style=\"color: #ff0000;\">Selbolder kopialbuche (D)<\/span>, die vollst\u00e4ndigste, ist von Wenck II 153 abgrdruckt worden.\u00a0 Eine f\u00fcnfte abschrift (E) befindet sich in der abschriftensammlung.\u00a0 <strong>Eine sechste abschrifte endlich aus dem 14. jahrhundert <span style=\"color: #ff0000;\">(F)<\/span>, welche Simon III 13 [i. e. <em>page<\/em> 13] zu seinem abdruckt ben\u00fctzte, ist nicht wieder aufgefunden worden<\/strong> [highlights added].\u00a0 B\u00f6hmer\u2013Ficker [<a href=\"http:\/\/opac.regesta-imperii.de\/lang_de\/anzeige.php?gesamttitel=B%C3%B6hmer%2C+J.+F.%2C+Regesta+Imperii+V.+J%C3%BCngere+Staufer+1198-1272\" target=\"_blank\" rel=\"noopener\"><em>Regesta imperii<\/em>, V<\/a>, no.] 2170.<\/p>\n<p>That is,<\/p>\n<p style=\"padding-left: 30px;\">The *Original (that is, the document itself), which had been deposited in the City Archive of Gelnhaus in 1543, is &#8220;lost&#8221;.<br \/>\nHowever, multiple &#8220;copies&#8221; or &#8220;transcripts&#8221; (<em>Abschriften<\/em>) of an imperial <a href=\"https:\/\/de.wikipedia.org\/wiki\/Transsumpt\" target=\"_blank\" rel=\"noopener\">Transsumpt<\/a> of that document of &#8220;1363 jan. 21&#8221; are to be found in the archive at Birstein.<\/p>\n<p>Among those &#8220;multiples&#8221;, Reimer&#8217;s edition employed:<\/p>\n<p style=\"padding-left: 30px;\">A.\u00a0 1st, a 15th-century copy on parchment (presumably a document).<br \/>\nB.\u00a0 2nd, another copy of circa 1370 on paper (presumably a document), damaged and incomplete.<br \/>\nC.\u00a0 3rd, another 15th-century copy on paper (presumably a document).<br \/>\n<span style=\"color: #ff0000;\">D<\/span>.\u00a0 4th, a <strong>16th-century copy<\/strong> in the <span style=\"color: #ff0000;\">Selbold kopialbuche<\/span> \u2014 &#8220;the most complete&#8221;, published by Wenck (&#8220;II 153&#8221;).<br \/>\nE.\u00a0 a 5th copy, preserved in the <em>Abschriftensammlung<\/em> [presumably likewise at Birstein].<br \/>\n<span style=\"color: #ff0000;\"><strong>F<\/strong><\/span>.\u00a0 A 6th copy, of the <strong>&#8220;late 14th century&#8221;<\/strong>, which Simon used for his edition (Vol. III, [page] 13 [= no. IV]), but <strong>&#8220;no longer to be found&#8221;<\/strong>.<\/p>\n<p>Might <span style=\"color: #ff0000;\">Witness &#8220;F&#8221;<\/span> be the <span style=\"color: #ff0000;\">Selbold Cartulary<\/span> before its Fragmentation, or a &#8220;twin&#8221; or close relative?\u00a0 Important if so.<\/p>\n<p>Reimer&#8217;s report makes it clear that he had no access directly to the 6th witness, <span style=\"color: #ff0000;\"><strong>F<\/strong><\/span>, which he knew instead through Simon&#8217;s edition.\u00a0 We might wonder what, in the interval between Simon&#8217;s preparations for his publication of 1865 and Reimer&#8217;s publication by 1891, had happened to that copy in the prince&#8217;s private collection, or to conditions of access to it.\u00a0 Bruno, Prince of Ysenburg and B\u00fcdingen, remained prince from 16 February 1861 to 26 January 1906, so other factors than his position and title may have changed.<\/p>\n<div id=\"attachment_13425\" style=\"width: 622px\" class=\"wp-caption aligncenter\"><img aria-describedby=\"caption-attachment-13425\" loading=\"lazy\" class=\"wp-image-13425 size-full\" src=\"https:\/\/manuscriptevidence.org\/wpme\/wp-content\/uploads\/2020\/05\/Selbold-fol-3v-Frederick-for-Selbold-3-May-1236-upper-left.jpg\" alt=\"Selbold Cartulary Fragment folio &quot;3&quot; verso upper portion. Text 7: Frederick II, May 1236.\" width=\"612\" height=\"257\" srcset=\"https:\/\/manuscriptevidence.org\/wpme\/wp-content\/uploads\/2020\/05\/Selbold-fol-3v-Frederick-for-Selbold-3-May-1236-upper-left.jpg 612w, https:\/\/manuscriptevidence.org\/wpme\/wp-content\/uploads\/2020\/05\/Selbold-fol-3v-Frederick-for-Selbold-3-May-1236-upper-left-150x63.jpg 150w, https:\/\/manuscriptevidence.org\/wpme\/wp-content\/uploads\/2020\/05\/Selbold-fol-3v-Frederick-for-Selbold-3-May-1236-upper-left-300x126.jpg 300w\" sizes=\"(max-width: 612px) 100vw, 612px\" \/><p id=\"caption-attachment-13425\" class=\"wp-caption-text\">Selbold Cartulary Fragment folio &#8220;3&#8221; verso upper portion. Text 7: Frederick II, May 1236.<\/p><\/div>\n<h3>The Usefulness of Collation<\/h3>\n<p>Reimer&#8217;s cited variants to his edition of this text signal some particularities of the texts in <span style=\"color: #ff0000;\">D<\/span> and <span style=\"color: #ff0000;\"><strong>F<\/strong><\/span>, respectively at Birstein in the <span style=\"color: #ff0000;\">Selbold Copialbuche<\/span> and in Prince Bruno&#8217;s &#8220;private collection&#8221;.\u00a0 These variants may be relevant to our quest.<\/p>\n<div id=\"attachment_13424\" style=\"width: 476px\" class=\"wp-caption aligncenter\"><img aria-describedby=\"caption-attachment-13424\" loading=\"lazy\" class=\"wp-image-13424 size-full\" src=\"https:\/\/manuscriptevidence.org\/wpme\/wp-content\/uploads\/2020\/05\/Selbold-fol-3v-Frederick-for-Selbold-3-May-1236-middle-right.jpg\" alt=\"Selbold Cartulary Fragment folio &quot;3&quot; verso upper portion. Text 7: Frederick II, May 1236.\" width=\"466\" height=\"153\" srcset=\"https:\/\/manuscriptevidence.org\/wpme\/wp-content\/uploads\/2020\/05\/Selbold-fol-3v-Frederick-for-Selbold-3-May-1236-middle-right.jpg 466w, https:\/\/manuscriptevidence.org\/wpme\/wp-content\/uploads\/2020\/05\/Selbold-fol-3v-Frederick-for-Selbold-3-May-1236-middle-right-150x49.jpg 150w, https:\/\/manuscriptevidence.org\/wpme\/wp-content\/uploads\/2020\/05\/Selbold-fol-3v-Frederick-for-Selbold-3-May-1236-middle-right-300x98.jpg 300w\" sizes=\"(max-width: 466px) 100vw, 466px\" \/><p id=\"caption-attachment-13424\" class=\"wp-caption-text\">Selbold Cartulary Fragment folio &#8220;3&#8221; verso upper portion. Text 7: Frederick II, May 1236.<\/p><\/div>\n<p>According with time-tested editorial practice, Reimer&#8217;s presentation of variants for <a href=\"https:\/\/archive.org\/details\/hessischesurkun01wyssgoog\/page\/n186\/mode\/2up\">No. 196 (pp. 150\u2013151)<\/a> signals a place in the printed text by a numeral-call designating a specific reading (shown here in line 1 of each group or Set) which had been selected for the edition proper.\u00a0 Matching that number in the lower margin, variants are reported, as that &#8216;standard is held up to the readings found in other witnesses.\u00a0 Here we focus upon the reported variant readings of <span style=\"color: #ff0000;\">D<\/span> and <span style=\"color: #ff0000;\"><strong>F<\/strong><\/span>, which stand sometimes in agreement and sometimes at variance with each other.<\/p>\n<div id=\"attachment_13311\" style=\"width: 310px\" class=\"wp-caption alignright\"><img aria-describedby=\"caption-attachment-13311\" loading=\"lazy\" class=\"wp-image-13311 size-medium\" src=\"https:\/\/manuscriptevidence.org\/wpme\/wp-content\/uploads\/2020\/05\/488-Latin-Charter-23-Richard-II-Face-cropped-300x186.jpg\" alt=\"Private Collection, Document of 23 Richard II (1399), Face.\" width=\"300\" height=\"186\" srcset=\"https:\/\/manuscriptevidence.org\/wpme\/wp-content\/uploads\/2020\/05\/488-Latin-Charter-23-Richard-II-Face-cropped-300x186.jpg 300w, https:\/\/manuscriptevidence.org\/wpme\/wp-content\/uploads\/2020\/05\/488-Latin-Charter-23-Richard-II-Face-cropped-150x93.jpg 150w, https:\/\/manuscriptevidence.org\/wpme\/wp-content\/uploads\/2020\/05\/488-Latin-Charter-23-Richard-II-Face-cropped-768x477.jpg 768w, https:\/\/manuscriptevidence.org\/wpme\/wp-content\/uploads\/2020\/05\/488-Latin-Charter-23-Richard-II-Face-cropped-1024x636.jpg 1024w, https:\/\/manuscriptevidence.org\/wpme\/wp-content\/uploads\/2020\/05\/488-Latin-Charter-23-Richard-II-Face-cropped-80x50.jpg 80w, https:\/\/manuscriptevidence.org\/wpme\/wp-content\/uploads\/2020\/05\/488-Latin-Charter-23-Richard-II-Face-cropped-598x372.jpg 598w, https:\/\/manuscriptevidence.org\/wpme\/wp-content\/uploads\/2020\/05\/488-Latin-Charter-23-Richard-II-Face-cropped.jpg 1183w\" sizes=\"(max-width: 300px) 100vw, 300px\" \/><p id=\"caption-attachment-13311\" class=\"wp-caption-text\">Private Collection, Document of 23 Richard II (1399), Face.<\/p><\/div>\n<p>Most cases of interest here concern the spellings of place-names.\u00a0 (Readers of this blog may be aware of the value in attending to the differently recorded versions of names for a same place across time, as with <a href=\"https:\/\/manuscriptevidence.org\/wpme\/a-charter-of-1399-from-high-ongar-in-essex\/\" target=\"_blank\" rel=\"noopener\">A Charter of 1399 from High Ongar in Essex<\/a> and <a href=\"https:\/\/manuscriptevidence.org\/wpme\/fragments-of-a-castle-capbreu-from-catalonia\/\" target=\"_blank\" rel=\"noopener\">Fragments of a Castle &#8216;Capbreu&#8217; from Catalonia<\/a>.)<\/p>\n<p>Another area of interest concerns the presence or the spelling of the indiction at the end of the dating clause.<\/p>\n<p>From the edited text and the reported variants, we compile all Reimer&#8217;s witnesses&#8217; versions of strings of place-names or single names (in his edited text and variant notes 1\u20133), and variants for the concluding phrase (his text and note 7):<\/p>\n<p style=\"padding-left: 30px;\"><strong>Set 1)\u00a0 <\/strong>Text:\u00a0 Huttengesezze, Widerams<br \/>\nVariants:<br \/>\nHittengesesze Wiedderams C<br \/>\nHittengesesse Witterams <span style=\"color: #ff0000;\">D<\/span><br \/>\nHittengeseze Witteramis <span style=\"color: #ff0000;\"><strong>F<\/strong><\/span><\/p>\n<p style=\"padding-left: 30px;\"><strong>Set 2)\u00a0 <\/strong>Text:\u00a0 Gonsrode, Laubersbach, Mittela, Miroldis, Heyleyrs, Geynlnusen, Heyzs<br \/>\nVariants:<br \/>\n. .srode Mittela Laubersbach Myeruloz Heylers Geylnhusen Heycz B<br \/>\nGunszrode Laubersbach Mittela Mirold<em>es<\/em> Heylers Geilnhusen Heyzs C<br \/>\nGunsrodes Lobberbach Mittla Miroldis Heilers Geilnhusen Haytz <span style=\"color: #ff0000;\">D<\/span> &amp; <span style=\"color: #ff0000;\"><strong>F<\/strong><\/span>, &#8220;doch gibt <span style=\"color: #ff0000;\"><strong>F<\/strong><\/span> die form Hectzs&#8221; [as reported by Simon in contrast to Wencks].<\/p>\n<p style=\"padding-left: 30px;\"><strong>Set 3) <\/strong>Weychirsbach<br \/>\nVariants:<br \/>\nWeichtersbach C.E<br \/>\nWechtersbach <span style=\"color: #ff0000;\">D<\/span>, Weterbach <span style=\"color: #ff0000;\"><strong>F<\/strong><\/span>.<\/p>\n<p style=\"padding-left: 30px;\"><strong>Set 7)<\/strong> <em>nona indicitione<br \/>\n<\/em>Variants:<br \/>\nfehlt in A.C.E [that is, absent in these other witnesses]<br \/>\n<em>none indictionis<\/em> <span style=\"color: #ff0000;\">D<\/span>.<span style=\"color: #ff0000;\"><strong>F<\/strong><\/span>.<\/p>\n<p>The subtle but telling variants seem to show that <strong><span style=\"color: #ff0000;\">D<\/span><\/strong> and <span style=\"color: #ff0000;\"><strong>F<\/strong><\/span>, at any rate for this text as edited by several scholars, are closely related, but not identical.\u00a0 The date-ranges ascribed to them give a chronological priority to the late-medieval <span style=\"color: #ff0000;\"><strong>F<\/strong><\/span> over the 16th-century <strong><span style=\"color: #ff0000;\">D<\/span><\/strong>.\u00a0 Is the one a close copy of the other, or of a close relative?<\/p>\n<p>A German translation from Reimer&#8217;s edition of the Latin text is offered by Ferdinand Graef, in celebration of &#8220;775 Jahre Ronneburg \u2014 die Romanik als Geburtsstunde&#8221; (<a href=\"http:\/\/www.ronneburghistory.de\/Romanik.htm\" target=\"_blank\" rel=\"noopener\" class=\"broken_link\">1236\u20132011.\u00a0 Die Urkunde des Staufer Kaisers Friedrich II<\/a>), noting these first extant references to the places <a href=\"https:\/\/de.wikipedia.org\/wiki\/Altwiedermus\" target=\"_blank\" rel=\"noopener\">Altwiedermus<\/a> (as <em>Witteramis<\/em>) and <a href=\"https:\/\/de.wikipedia.org\/wiki\/H%C3%BCttenges%C3%A4%C3%9F\" target=\"_blank\" rel=\"noopener\">H\u00fcttenges\u00e4\u03b2<\/a> (as <em>Hittengeseze<\/em>).\u00a0 Moreover,\u00a0 we learn,&#8221;die Originalurkunde liegt im Archiv des Birsteiner Shlosses (Isenburger Archiv) \u2014 dort im sogennanten <span style=\"color: #ff0000;\">Selbolder Copialbuch<\/span>&#8220;.\u00a0 The terminology names the archive and its location, but appears imprecisely to consider the &#8220;original document (<em>Originalurkunde<\/em>)&#8221; as being &#8220;within the so-called <span style=\"color: #ff0000;\">Selbold Copialbuch<\/span>&#8221; \u2014 which takes the form of a codex.<\/p>\n<p>(There exist some manuscripts \u2014 in codex form \u2014 which contain images, as &#8216;facsimilies&#8217;, of documents, sometimes replete with their tags and seals.\u00a0 Notable cases include the sole witness to the Chronicle of Saint Augustine&#8217;s Abbey, Canterbury, by its monk Thomas of Elmham; and chronicles by Matthew Paris, monk at Saint Albans&#8217; Abbey, as examined <a href=\"https:\/\/manuscriptevidence.org\/wpme\/abstracts\/whatley-2020-congress\/\" target=\"_blank\" rel=\"noopener\">here<\/a>.\u00a0 Such cases seem to be unusual among surviving witnesses to their genre, and there appears to be no evidence that the <span style=\"color: #ff0000;\"><strong>Selbold Cartulary<\/strong><\/span>, in one form or other, comprised such an exception.)<\/p>\n<p>Reimer&#8217;s edition, variously by his name or by its name, is cited as the source for the text of this document in various locations online, for example when the <em>Historisches Ortslexikon<\/em> reports the <a href=\"https:\/\/www.lagis-hessen.de\/de\/subjects\/idrec\/sn\/ol\/id\/435024020\" target=\"_blank\" rel=\"noopener\">Historische Namesformen<\/a> for <a href=\"https:\/\/de.wikipedia.org\/wiki\/H%C3%BCttenges%C3%A4%C3%9F\" target=\"_blank\" rel=\"noopener\">H\u00fcttenges\u00e4\u03b2<\/a>, including the recorded forms<\/p>\n<p style=\"padding-left: 30px;\">&#8220;Huttengesezze; Hittengesesze; Hittengesesse; Hittengeseze (1236) [Kop. 14.-16. Jahrhundert <em>Urkundenbuch Hanau<\/em> 1, Nr. 196, S. 150-151].&#8221;<\/p>\n<p>All those forms appear in Reimer&#8217;s standard for the edition and his variant note 1 (as above).\u00a0 Even if (as might be), the <span style=\"color: #ff0000;\">Selbold Cartulary Fragment<\/span> constitutes a previously unrecognized witness to this text, its readings conform with the edition and recorded variants.<\/p>\n<p>Regarding the history of <a href=\"https:\/\/de.wikipedia.org\/wiki\/H%C3%BCttenges%C3%A4%C3%9F\" target=\"_blank\" rel=\"noopener\">H\u00fcttenges\u00e4\u03b2<\/a> itself, we are given online some further details about the witness cited by Reimer in &#8220;the Birstein archive&#8221;, although the wording of those details sometimes blur the distinction between &#8220;copies&#8217; made in different forms of objects:<\/p>\n<ul>\n<li>a document (<em>Urkunde<\/em>) which, while of later date, includes or inserts the text of an earlier document, as a <a title=\"Transsumpt\" href=\"https:\/\/de.wikipedia.org\/wiki\/Transsumpt\">Transsumpt<\/a> (or &#8220;Insert&#8221;) proper, and<\/li>\n<li>a transcription of such a document \u2014 with or without an image or rendition of a seal \u2014 into codex form (<em>Buch<\/em>) in a series of pages.<\/li>\n<\/ul>\n<div id=\"attachment_14328\" style=\"width: 1034px\" class=\"wp-caption aligncenter\"><img aria-describedby=\"caption-attachment-14328\" loading=\"lazy\" class=\"wp-image-14328 size-large\" src=\"https:\/\/manuscriptevidence.org\/wpme\/wp-content\/uploads\/2020\/07\/H\u00fcttenges\u00e4\u00df-1024x576.jpg\" alt=\"Aerial Photograph of H\u00fcttenges\u00e4\u00df, Ronneburg (Hessen) from the South South East.. Photo Dr. Bernd Gross (20 March 2014, 12:08:32). Image via Creative Commons.\" width=\"1024\" height=\"576\" srcset=\"https:\/\/manuscriptevidence.org\/wpme\/wp-content\/uploads\/2020\/07\/H\u00fcttenges\u00e4\u00df-1024x576.jpg 1024w, https:\/\/manuscriptevidence.org\/wpme\/wp-content\/uploads\/2020\/07\/H\u00fcttenges\u00e4\u00df-150x84.jpg 150w, https:\/\/manuscriptevidence.org\/wpme\/wp-content\/uploads\/2020\/07\/H\u00fcttenges\u00e4\u00df-300x169.jpg 300w, https:\/\/manuscriptevidence.org\/wpme\/wp-content\/uploads\/2020\/07\/H\u00fcttenges\u00e4\u00df-768x432.jpg 768w\" sizes=\"(max-width: 1024px) 100vw, 1024px\" \/><p id=\"caption-attachment-14328\" class=\"wp-caption-text\">Aerial Photograph of H\u00fcttenges\u00e4\u00df, Ronneburg (Hessen), from the South South East.. Photo Dr. Bernd Gross (20 March 2014, 12:08:32). Image via Creative Commons.<\/p><\/div>\n<p>Online we read about <a href=\"https:\/\/de.wikipedia.org\/wiki\/H%C3%BCttenges%C3%A4%C3%9F\" target=\"_blank\" rel=\"noopener\">H\u00fcttenges\u00e4\u03b2<\/a>:<\/p>\n<p style=\"padding-left: 30px;\">Die \u00e4lteste erhaltene Erw\u00e4hnung des Ortes stammt aus dem Mai 1236 und findet sich in einer Urkunde des Kaisers <a title=\"Friedrich II. (HRR)\" href=\"https:\/\/de.wikipedia.org\/wiki\/Friedrich_II._(HRR)\">Friedrich II.<\/a>, der die Besitzt\u00fcmer des <a title=\"Kloster Selbold\" href=\"https:\/\/de.wikipedia.org\/wiki\/Kloster_Selbold\">Klosters Selbold<\/a> in Schutz nimmt. Die \u00e4lteste Schreibweise des Ortsnamens ist \u201eHuttengesezze\u201c. Ein <a title=\"Transsumpt\" href=\"https:\/\/de.wikipedia.org\/wiki\/Transsumpt\">Transsumpt<\/a> dieser Urkunde befindet sich heute im <span style=\"color: #ff0000;\">Selbolder Kopialbuch<\/span> im <a title=\"Isenburg (Adelsgeschlecht)\" href=\"https:\/\/de.wikipedia.org\/wiki\/Isenburg_(Adelsgeschlecht)\">F\u00fcrstlich Isenburgischen<\/a> <a title=\"Archiv\" href=\"https:\/\/de.wikipedia.org\/wiki\/Archiv\">Archiv<\/a> in <a title=\"Birstein\" href=\"https:\/\/de.wikipedia.org\/wiki\/Birstein\">Birstein<\/a>.<\/p>\n<p>That Archive resides at <a href=\"https:\/\/de.wikipedia.org\/wiki\/Schloss_Birstein\" target=\"_blank\" rel=\"noopener\">Schloss Birstein<\/a>.\u00a0 While it remains temporarily closed [Spring 2020], the chance to discover the characteristics of its <span style=\"color: #ff0000;\">Selbold Kopialbuch<\/span> must to resort to available descriptions by scholars and editors.\u00a0 That the terminology employed by editors and others for &#8220;documents&#8221;, &#8220;originals&#8221;, &#8220;transsumpts&#8221;, &#8220;copies&#8221;, and &#8220;books&#8221; or &#8220;copialbucher&#8221; shows some overlap, blurring, and\/or outright confusion, probably goes with the linguistic territory.<\/p>\n<p>(Don&#8217;t get me started on the frequent confusion between &#8220;tapestry&#8221;, &#8220;embroidery&#8221;, and other forms of needlework in the descriptions, including by scholars who should know better, of such monuments as the <a href=\"https:\/\/en.wikipedia.org\/wiki\/Bayeux_Tapestry\" target=\"_blank\" rel=\"noopener\">Bayeux so-called Tapestry<\/a> . . .\u00a0 You could read what I have succinctly to say in the close study of the descriptions of a lost work which may have been related to it:\u00a0 <a href=\"https:\/\/www.academia.edu\/1813138\/The_Byrhtnoth_Tapestry_or_Embroidery\" target=\"_blank\" rel=\"noopener\">The Bryhtnoth Tapestry or Embroidery<\/a>, wherein clear attention to the terminology, and the precision or otherwise adopted in its usage, can aid considerably in endeavoring to reconstruct in some measure a lost or missing monument.)<\/p>\n<p>Briefly, before turning to <strong>Text 8<\/strong>, we note the locations, actual or presumed, of the <span style=\"color: #ff0000;\">Selbold Copialbuch<\/span> and the <span style=\"color: #ff0000;\">Selbold Cartulary Fragments<\/span> in modern parts of their history.<\/p>\n<h3>Schloss Birstein <em>versus<\/em> Schloss B\u00fcdingen<\/h3>\n<p>These are, remember, the locations pertaining to the Isenburg and Ysenburg lines of descent and influence (see above).<\/p>\n<p>The entrance to the Archive at Schloss Birstein, home of the <span style=\"color: #ff0000;\">Selbold Copialbuch<\/span>:<\/p>\n<div id=\"attachment_13414\" style=\"width: 1034px\" class=\"wp-caption aligncenter\"><img aria-describedby=\"caption-attachment-13414\" loading=\"lazy\" class=\"wp-image-13414 size-large\" src=\"https:\/\/manuscriptevidence.org\/wpme\/wp-content\/uploads\/2020\/05\/Birstein_153540-cropped-1024x632.jpg\" alt=\"Schloss Birnstein, Main Entrance leading to the Archivebau. Photo by Sarkana 2009 via Creative Commons.\" width=\"1024\" height=\"632\" srcset=\"https:\/\/manuscriptevidence.org\/wpme\/wp-content\/uploads\/2020\/05\/Birstein_153540-cropped-1024x632.jpg 1024w, https:\/\/manuscriptevidence.org\/wpme\/wp-content\/uploads\/2020\/05\/Birstein_153540-cropped-150x93.jpg 150w, https:\/\/manuscriptevidence.org\/wpme\/wp-content\/uploads\/2020\/05\/Birstein_153540-cropped-300x185.jpg 300w, https:\/\/manuscriptevidence.org\/wpme\/wp-content\/uploads\/2020\/05\/Birstein_153540-cropped-768x474.jpg 768w, https:\/\/manuscriptevidence.org\/wpme\/wp-content\/uploads\/2020\/05\/Birstein_153540-cropped-80x50.jpg 80w, https:\/\/manuscriptevidence.org\/wpme\/wp-content\/uploads\/2020\/05\/Birstein_153540-cropped.jpg 1230w\" sizes=\"(max-width: 1024px) 100vw, 1024px\" \/><p id=\"caption-attachment-13414\" class=\"wp-caption-text\">Schloss Birnstein, Main Entrance leading to the Archivebau. Photo by Sarkana 2009 via Creative Commons.<\/p><\/div>\n<p>Schloss B\u00fcdingen, the presumed former home of the <span style=\"color: #ff0000;\">Selbold Cartulary Fragment<\/span>:<\/p>\n<div id=\"attachment_13383\" style=\"width: 810px\" class=\"wp-caption aligncenter\"><img aria-describedby=\"caption-attachment-13383\" loading=\"lazy\" class=\"wp-image-13383 size-full\" src=\"https:\/\/manuscriptevidence.org\/wpme\/wp-content\/uploads\/2020\/05\/Schloss_Buedingen_aussen.jpg\" alt=\"Schloss B\u00fcdingen seen from the Schlosspark. Photograph by Hadig 2004. Via Wikimedia Commons.\" width=\"800\" height=\"600\" srcset=\"https:\/\/manuscriptevidence.org\/wpme\/wp-content\/uploads\/2020\/05\/Schloss_Buedingen_aussen.jpg 800w, https:\/\/manuscriptevidence.org\/wpme\/wp-content\/uploads\/2020\/05\/Schloss_Buedingen_aussen-150x113.jpg 150w, https:\/\/manuscriptevidence.org\/wpme\/wp-content\/uploads\/2020\/05\/Schloss_Buedingen_aussen-300x225.jpg 300w, https:\/\/manuscriptevidence.org\/wpme\/wp-content\/uploads\/2020\/05\/Schloss_Buedingen_aussen-768x576.jpg 768w\" sizes=\"(max-width: 800px) 100vw, 800px\" \/><p id=\"caption-attachment-13383\" class=\"wp-caption-text\">Schloss B\u00fcdingen seen from the Schlosspark. Photograph by Hadig 2004. Via Wikimedia Commons.<\/p><\/div>\n<p>Possible provenance?\u00a0 Further research might reveal where Prince Bruno of Ysenburg and B\u00fcdingen kept his collection of manuscripts and archives, and what happened to at least the part of it edited by Simon.<\/p>\n<div id=\"attachment_13446\" style=\"width: 416px\" class=\"wp-caption aligncenter\"><img aria-describedby=\"caption-attachment-13446\" loading=\"lazy\" class=\"wp-image-13446 size-full\" src=\"https:\/\/manuscriptevidence.org\/wpme\/wp-content\/uploads\/2020\/06\/Bruno-F\u00fcrst-Ysenburg-B\u00fcdingen.jpg\" alt=\"Bruno zu Ysenburg und B\u00fcdingen (1837-1906), 3. F\u00fcrst zu Ysingen-B\u00fcdingen (postcard). Image Public Domain via http:\/\/worldroots.com\/brigitte\/royal\/royala-i.htm.\" width=\"406\" height=\"574\" srcset=\"https:\/\/manuscriptevidence.org\/wpme\/wp-content\/uploads\/2020\/06\/Bruno-F\u00fcrst-Ysenburg-B\u00fcdingen.jpg 406w, https:\/\/manuscriptevidence.org\/wpme\/wp-content\/uploads\/2020\/06\/Bruno-F\u00fcrst-Ysenburg-B\u00fcdingen-106x150.jpg 106w, https:\/\/manuscriptevidence.org\/wpme\/wp-content\/uploads\/2020\/06\/Bruno-F\u00fcrst-Ysenburg-B\u00fcdingen-212x300.jpg 212w\" sizes=\"(max-width: 406px) 100vw, 406px\" \/><p id=\"caption-attachment-13446\" class=\"wp-caption-text\">Bruno zu Ysenburg und B\u00fcdingen (1837-1906), 3. F\u00fcrst zu Ysingen-B\u00fcdingen (postcard). Image Public Domain via http:\/\/worldroots.com\/brigitte\/royal\/royala-i.htm.<\/p><\/div>\n<h3>Text 8.\u00a0 Karl IV, [22 January 1363 at <a href=\"https:\/\/en.wikipedia.org\/wiki\/Aschaffenburg\" target=\"_blank\" rel=\"noopener\">Aschaffenburg<\/a>], Incomplete<\/h3>\n<p>Folio &#8220;3&#8221; v<\/p>\n<div id=\"attachment_13431\" style=\"width: 1014px\" class=\"wp-caption aligncenter\"><img aria-describedby=\"caption-attachment-13431\" loading=\"lazy\" class=\"wp-image-13431 size-full\" src=\"https:\/\/manuscriptevidence.org\/wpme\/wp-content\/uploads\/2020\/05\/Selbold-fol-3v-lower-Karl-IV.jpg\" alt=\"Selbold Cartulary Fragment folio &quot;3&quot; verso lower portion.\" width=\"1004\" height=\"456\" srcset=\"https:\/\/manuscriptevidence.org\/wpme\/wp-content\/uploads\/2020\/05\/Selbold-fol-3v-lower-Karl-IV.jpg 1004w, https:\/\/manuscriptevidence.org\/wpme\/wp-content\/uploads\/2020\/05\/Selbold-fol-3v-lower-Karl-IV-150x68.jpg 150w, https:\/\/manuscriptevidence.org\/wpme\/wp-content\/uploads\/2020\/05\/Selbold-fol-3v-lower-Karl-IV-300x136.jpg 300w, https:\/\/manuscriptevidence.org\/wpme\/wp-content\/uploads\/2020\/05\/Selbold-fol-3v-lower-Karl-IV-768x349.jpg 768w\" sizes=\"(max-width: 1004px) 100vw, 1004px\" \/><p id=\"caption-attachment-13431\" class=\"wp-caption-text\">Selbold Cartulary Fragment folio &#8220;3&#8221; verso lower portion.<\/p><\/div>\n<p>\u2014 &#8220;1346\u201376&#8221; stated in red ink at the left<br \/>\n\u2014 &#8220;1363 jan. 22&#8221; stated in pencil at the left<\/p>\n<p>The fragment reproduces the first portion of the text, beginning with &#8220;<em>In nomine sancte et individue trinitatis . . . consenta approbare<\/em> [ \/ <em>ratificare innovare<\/em> . . . ], and breaking breaking off abruptly in line 33 of this printed edition:<\/p>\n<p>= Heinrich Reimer, <em>Hessisches Urkundenbuch<\/em>.\u00a0 Zweite Abtheilung.\u00a0 <em>Urkundenbuch zur Geschichte der Herren von Hanau und der ehemaligen Provinz Hanau<\/em>. Band III:\u00a0 <em>1350\u20131375<\/em> (Leipzig:\u00a0 S. Hirzei, 1894), <a href=\"https:\/\/books.google.com\/books?id=7K5BAAAAYAAJ&amp;pg=PA466&amp;lpg=PA466&amp;dq=%22Kaiser+Karl+best%C3%A4tigt+dem+Kloster+Selbold%22&amp;source=bl&amp;ots=Tz-V3aQuM2&amp;sig=ACfU3U2148Miu8xvUVsBxY-pKvMorlflUQ&amp;hl=en&amp;sa=X&amp;ved=2ahUKEwjo2qfgq8bpAhXZg3IEHcqdBiAQ6AEwAHoECAEQAQ#v=onepage&amp;q=%22Kaiser%20Karl%20best%C3%A4tigt%20dem%20Kloster%20Selbold%22&amp;f=false\" target=\"_blank\" rel=\"noopener\">No. 420 (pages 466\u2013468)<\/a>.<\/p>\n<p style=\"padding-left: 30px;\">In which &#8220;Kaiser Karl best\u00e4tigt dem Kloster Selbold die k\u00f6niglichen unter kaiserlichen gnadenbriefe von 1143, 1236, 1288 und 1293.\u00a0 Aschaffenburg 1363 januar 21.&#8221; (page 462).<\/p>\n<p>Reimer described thus the 4 witnesses consulted for his edition of the document, along with another witness now lost (p. 468):<\/p>\n<p style=\"padding-left: 30px;\">In vier wiedergaben erhalten:<\/p>\n<p style=\"padding-left: 30px;\"><strong>A<\/strong> ist eine etwa gleichzeitige abschrift auf papier, die in der obenen h\u00e4lfte sehr besch\u00e4digt ist und namentlich in den einger\u00fcckten k\u00f6nigsurkunden grosse l\u00fccken zeigt.\u00a0 Diese sind im vorigen jahrh. erg\u00e4nzt worden.<\/p>\n<p style=\"padding-left: 30px;\"><strong>B<\/strong> pergamentabschrift des 15. jahrh., nur in der ersten h\u00e4lfte erhalten.<\/p>\n<p style=\"padding-left: 30px;\"><span style=\"color: #ff0000;\"><strong>C<\/strong><\/span> <span style=\"color: #ff0000;\">abschrift des 16 jahrh. im kopialbuche des klosters Selbold<\/span> (hiernach <span style=\"color: #ff0000;\">abschrift in Wencks nachlasse<\/span> zu Darmstadt).<\/p>\n<p style=\"padding-left: 30px;\"><strong>D<\/strong> abschrift des 18 jahrh. nach einer 1434 beglaubigten abschrift einer 1414 beglaubigten abschrift.<\/p>\n<p style=\"padding-left: 30px;\">Birstein. \u2014 Das orig. war nach einer notiz des<span style=\"color: #ff0000;\"> Selbolder kopialbuchs<\/span> 1543 noch vorhanden; es geh\u00f6rte zu den Isenburg und Gelnhausen im rathsarchive zu Gelnhausen gemeinschaftlich hinterlegten urkunden.\u00a0 [Birstein] B R 3910 nach abschrift.<\/p>\n<p>These 4 witnesses, each one called an <em>Abschrift<\/em> (&#8220;copy&#8221; or &#8220;transcript&#8221;), evidently comprise both documents and transcriptions in book-form.\u00a0 That is:<\/p>\n<ul>\n<li>a &#8220;more-or-less contemporary <strong>A<\/strong> on paper&#8221;, presumably a document, because said to be in &#8220;very damaged&#8221; condition in its upper half<\/li>\n<li>a 15th-century parchment copy <strong>B<\/strong>, presumably also a document, surviving &#8220;only in its first [or upper] half&#8221;<\/li>\n<li>a 16th-century copy <span style=\"color: #ff0000;\"><strong>C<\/strong><\/span> in the<span style=\"color: #ff0000;\"><em> Kopialbuch<\/em> (&#8220;Copy-Book&#8221;) of the monastery of Selbold<\/span>, said parenthetically to be <em>hiernach<\/em> (&#8220;after this&#8221;) <em>abschrift <\/em>&#8220;in Wenck&#8217;s estate at <a href=\"https:\/\/en.wikipedia.org\/wiki\/Darmstadt\" target=\"_blank\" rel=\"noopener\">Darmstadt<\/a>&#8221; \u2014 presumably that of the historian and editor <a href=\"https:\/\/en.wikipedia.org\/wiki\/Helfrich_Bernhard_Wenck\" target=\"_blank\" rel=\"noopener\">Helfrich Bernhard Wenck<\/a> (1739\u20131803)<\/li>\n<li>an 18th-century copy [where?], made from an &#8220;authenticated&#8221; copy of 1434 from an &#8220;authenticated&#8221; copy of 1414.<\/li>\n<\/ul>\n<p>As for the &#8220;original&#8221; document itself, it was extant in 1543 at Gelnhausen (according to a note in the <span style=\"color: #ff0000;\">Selbold Kopialbuch<span style=\"color: #000000;\">), but apparently no longer.\u00a0\u00a0<\/span> <\/span><\/p>\n<p>Reimer&#8217;s account of <span style=\"color: #ff0000;\">C<\/span> seems not entirely clear.\u00a0 Had the 16th-century <span style=\"color: #ff0000;\">Selbold Kopialbuch<\/span> or perhaps a 16th-century copy of it migrated to Darmstadt as part of Wenck&#8217;s estate?\u00a0 Or was the <em>Abschrift<\/em> afterward (<em>hiernach<\/em>) at Darmstadt (where Wenck had resided) a copy of the <span style=\"color: #ff0000;\">Kopialbuch<\/span> \u2014 or this part of it\u00a0\u2014 made by or for Wenck?\u00a0 If so, it would have been made in the latter 18th or early 19th century, say in connection with the work on his publication of <em>Hessisches Landesgeschichte<\/em> in 3 volumes (1783\u20131803).\u00a0 Further investigation of Reimer&#8217;s editions of Selbold texts not represented on the <span style=\"color: #ff0000;\">Selbold Cartulary Fragments<\/span> shows some of the answer.\u00a0 See below.<\/p>\n<p>The<span style=\"color: #ff0000;\"> Selbold Cartulary Fragments<\/span> on paper showcased here fit within such patterns of transmission indicated or implied by Reimer&#8217;s account.\u00a0 These leaves deserve to be counted among the surviving witnesses to the Selbold documents and cartularies, many of which changed hands and locations \u2014 sometimes recorded \u2014 over the course of time.<\/p>\n<h3>The <span style=\"color: #ff0000;\">Selbold Kopialbuch(e)<\/span><\/h3>\n<p>It might be wondered to what extent &#8220;our&#8221; showcased manuscript, before its dismemberment, resembled the source which some editors called the\u00a0<span style=\"color: #ff0000;\">Selbolder Cop.-Buche<\/span>, the <span style=\"color: #ff0000;\">kopialbuche des klosters Selbold<\/span>, the <span style=\"color: #ff0000;\">Selbold kopialbuch<\/span>, and the like, as highlighted in <span style=\"color: #ff0000;\">red<span style=\"color: #000000;\"> in<\/span><\/span><span style=\"color: #000000;\"> t<\/span>he quotations above and below.\u00a0 Occasionally the cited witnesses include other <span style=\"color: #800080;\"><em>Kopialbucher<\/em><\/span> relating to Selbold, but not, evidently, the one(s) for the Kloster or <em>Stift<\/em>.\u00a0 We highlight those, insofar as they can be discerned, in <span style=\"color: #800080;\">purple<\/span>.<\/p>\n<p>Editions of other parts of the <span style=\"color: #ff0000;\">Selbold Kopialbuche<\/span> demonstrate more of its holdings, including texts of documents in Latin and in the vernacular.\u00a0 (They might also indicate,<em> mutatis mutandis<\/em>, more of the range of texts possibly in the manuscript from which came the <span style=\"color: #ff0000;\">Selbold Cartulary Fragments<\/span>.)\u00a0 Texts cited with it specifically as the, or a, witness appear, for example, here:<\/p>\n<p>1. Arthur Franz Wilhelm Wyss, <em>Hessisches Urkundenbuch<\/em>, I.\u00a0 <em>Urkunden der Deutschordens\u2013Ballei Hessen<\/em>, 1:\u00a0<em> <a href=\"https:\/\/archive.org\/details\/hessischesurkun00reimgoog\/page\/n642\/mode\/2up\/search\/Kopialbuche\" target=\"_blank\" rel=\"noopener\">Von 1207 bis 1299<\/a><\/em> (Leipsig:\u00a0 S. Hirzel, 1878):<\/p>\n<ul>\n<li>\n<div id=\"attachment_13901\" style=\"width: 310px\" class=\"wp-caption alignright\"><img aria-describedby=\"caption-attachment-13901\" loading=\"lazy\" class=\"wp-image-13901 size-medium\" src=\"https:\/\/manuscriptevidence.org\/wpme\/wp-content\/uploads\/2020\/07\/Hayton_of_Corycus_before_Pope_Clement_V-300x291.jpg\" alt=\"Paris, Biblioth\u00e8que nationale de France. D\u00e9partement des Manuscrits. Fran\u00e7ais 12201 (circa 1420-1430), fol. 1r, detail. Presentation Illustration in which Hayton of Corycus remits his report on the Mongols to Pope Clement V (in 307). Image via gallica.bnf.fr.\" width=\"300\" height=\"291\" srcset=\"https:\/\/manuscriptevidence.org\/wpme\/wp-content\/uploads\/2020\/07\/Hayton_of_Corycus_before_Pope_Clement_V-300x291.jpg 300w, https:\/\/manuscriptevidence.org\/wpme\/wp-content\/uploads\/2020\/07\/Hayton_of_Corycus_before_Pope_Clement_V-150x146.jpg 150w, https:\/\/manuscriptevidence.org\/wpme\/wp-content\/uploads\/2020\/07\/Hayton_of_Corycus_before_Pope_Clement_V-768x746.jpg 768w, https:\/\/manuscriptevidence.org\/wpme\/wp-content\/uploads\/2020\/07\/Hayton_of_Corycus_before_Pope_Clement_V-1024x995.jpg 1024w, https:\/\/manuscriptevidence.org\/wpme\/wp-content\/uploads\/2020\/07\/Hayton_of_Corycus_before_Pope_Clement_V.jpg 1760w\" sizes=\"(max-width: 300px) 100vw, 300px\" \/><p id=\"caption-attachment-13901\" class=\"wp-caption-text\">Paris, Biblioth\u00e8que nationale de France. D\u00e9partement des Manuscrits. Fran\u00e7ais 12201 (circa 1420-1430), fol. 1r, detail. Presentation illustration in which Hayton of Corycus remits his report on the Mongols to Pope Clement V (in 1307). Image via gallica.bnf.fr.<\/p><\/div>\n<p>No. 97 (page 98). <a href=\"https:\/\/en.wikipedia.org\/wiki\/Pope_Clement_V\" target=\"_blank\" rel=\"noopener\">Pope Clement V<\/a> at Vienna on 1310 November 3<\/li>\n<li>No. 314 (pages 292\u2013293). Mechtild, widow of <a href=\"https:\/\/de.wikipedia.org\/wiki\/Eberhard_III._von_Breuberg\" target=\"_blank\" rel=\"noopener\">Eberhard von Breuberg<\/a> on 1327 June 25<\/li>\n<li>No. 594 (p. 585). Rudolf von Hain <em>et al.<\/em> on 1342 March 30<\/li>\n<li>No. 652 (pp. 538\u2013539). <a href=\"https:\/\/en.wikipedia.org\/wiki\/Louis_IV,_Holy_Roman_Emperor\" target=\"_blank\" rel=\"noopener\">Kaiser Ludwig II<\/a> at Frankfurt on 1344 August 23<\/li>\n<\/ul>\n<p>For one text (no. 594), Wyss used both the <span style=\"color: #ff0000;\">Selbold Kopialbuche<\/span> and another witness also from Selbold, but from and\/or for its &#8220;parish&#8221;:\u00a0 the &#8220;<span style=\"color: #800080;\">kopialbuche \u00fcber die pfarreien Selbold<\/span>, Mittlau u. a. Birstein&#8221; (p. 585).<\/p>\n<p>Heinrich Reimer used the <span style=\"color: #ff0000;\">Selbold Kopialbuch<\/span> frequently in his 3-volume edition of documents from Hessen, with occasional appearances by the <span style=\"color: #800080;\">kopialbuche \u00fcber die pfarreien Selbold<\/span> and the <span style=\"color: #800080;\">kopialbuche des Selboldische gerichtes<\/span>, as well as by a copy &#8220;<span style=\"color: #ff0000;\"><em>ex libr. cop<\/em>.<\/span>&#8221; (or &#8220;<span style=\"color: #ff0000;\"><em>ex. cop. ant<\/em>.<\/span>&#8220;) \u2014 which had been owned by, and perhaps made by or for, Wencks. There is also a <span style=\"text-decoration: underline;\"><span style=\"color: #800080; text-decoration: underline;\">Rotes Buch<\/span><\/span> (&#8220;Red Book&#8221;) of some kind.<\/p>\n<p>Let us consider Reimer&#8217;s volumes in reverse chronological order of their documents.<\/p>\n<p>2.\u00a0 Heinrich Reimer, <em>Hessisches Urkundenbuch<\/em>, II. <em>Urkundenbuch zur Geschichte der Herren von Hanau und der ehemaligen Provinz Hanau<\/em>, 2: <a class=\"external text\" href=\"http:\/\/nbn-resolving.de\/urn:nbn:de:hebis:30-1148154\" rel=\"nofollow\">1301\u20131349<\/a>, (Leipzig, 1892)<\/p>\n<ul>\n<li>No. 97 (p. 98).\u00a0 Pope Clement V at Vienna on 1319 November 3.<br \/>\n&#8220;Orig.-perg. . . . Die l\u00fccke am schlusse is aus dem <span style=\"color: #ff0000;\">Selbolder kopialbuche<\/span> erg\u00e4nzt.\u00a0 Birstein&#8221;<\/li>\n<li>No. 314 (pp. 292\u2013293).\u00a0 Mechtild, widow of Eberhard von Breuberg on 1327 June 25.<br \/>\n&#8220;Zwei abschriften, eine in <span style=\"color: #ff0000;\">kopialbuch des klosters Selbold<\/span> und eine in <span style=\"color: #800080;\">kopialbuche des gerichts Selbold.\u00a0 Birstein<\/span>&#8220;.<\/li>\n<li>No. 460 (pp. 430\u2013431).\u00a0 Pope Benedict XII at Avignon on 1336 April 12.<\/li>\n<li>No. 461 (p. 431).\u00a0 Ditto.<\/li>\n<li>No 503 (pp. 481\u2013482).\u00a0 Konrad Blumichen, &#8220;burgman zu Gelnhausen&#8221; on 1338 July 10.<\/li>\n<li>No. 505 (pp. 483\u2013484).\u00a0 Rudolf von R\u00fcckingen on 1338 July 13.<\/li>\n<li>No. 590 (pp. 532\u2013533).\u00a0 Abbot Johannes von Pr\u00e9montr\u00e9 at Pr\u00e9montr\u00e9 in 1341.<\/li>\n<li>No. 594 (p. 585).\u00a0 Rudolf von Hain, his wife, and his son on 1342 March 30.<\/li>\n<li>No. 621 (pp. 612\u2013613).\u00a0 Rudolf the Elder von R\u00fcckingen aand his wife Metze on 1343 April 25.<br \/>\n&#8220;<span style=\"color: #800080;\">Kopialbuch der Selboldischen pfarrein, saec. XVI., papier.\u00a0 Birstein.<\/span>\u00a0 Eine <span style=\"color: #ff0000;\">abschrift \u00abex libr. cop.\u00bb in Wencks nachlasse zu Darmstadt&#8221;<\/span>.<\/li>\n<li>No. 635 (pp. 626\u2013627).\u00a0 Abbot Johannes von Pr\u00e9montr\u00e9 at Pr\u00e9montr\u00e9 in 1343.<\/li>\n<li>No. 652 (pp. 638\u2013639).\u00a0 Kaiser Ludwig at Frankfurt on 1344 August 23.<br \/>\n&#8220;<span style=\"color: #ff0000;\">Abschrift \u00abex libr. ant.\u00bb in Wencks nachlasse zu Darmstadt<\/span>.\u00a0 Modernisierte abschrift in <span style=\"color: #ff0000;\">Selbolder kopialbuche (nr. 31)<\/span> und im<span style=\"color: #800080;\"> kopialbuche der Selbolder pfarreien (34)<\/span>, <span style=\"color: #ff0000;\">Birstein<\/span>.\u00a0 BR 2404, seitdem gedr.:\u00a0 Simon III 139&#8243;.<\/li>\n<li>No. 749 (pp. 729\u2013732).\u00a0 Graf Rudolf von Wertheim, his wife Elysabeth, and their son Eberhart on 1348 May 2.<br \/>\n&#8220;<strong><span style=\"text-decoration: underline; color: #ff00ff;\">Rothes Buch (A.)<\/span><\/strong> und <span style=\"color: #ff0000;\">Selbolder kopialbuch (B)<\/span>, beide in Birstein&#8221;.<\/li>\n<li>No. 751 (p. 734).\u00a0 Graf Rudolf and Eberhard von Wertheim on 1348 June 13.<br \/>\n&#8220;<strong><span style=\"text-decoration: underline;\"><span style=\"color: #ff00ff; text-decoration: underline;\">Rothes Buch zu Birstein (A.) f. 148r<\/span><\/span><\/strong>, auch im <span style=\"color: #800080;\">kopialbuch des Selbolder gerichtes<\/span> daselbst&#8221;.<\/li>\n<li>No. 802 (pp. 795\u2013797) Abbot Helfrich and the Kloster Schl\u00fcchtern on 1349 September 29.<br \/>\n&#8220;<span style=\"color: #800080;\">Kopialbuch der Selboldischen pfarreien (Mscr.-samml. nr. 34)<\/span> (A.) und eine abschrift vom ende des 18. jahrhunderts (B.), beide in Birstein.<\/li>\n<\/ul>\n<p>In this publication, Reimer occasionally mentioned a pressmark for the &#8220;<span style=\"color: #ff0000;\">Selbold Kopialbuche (i, e., 31)<\/span>&#8221; as well as for at least one other Kopialbuch pertaining to Selbold:\u00a0 the &#8220;<span style=\"color: #800080;\">Kopialbuch der Selboldischen pfarreien (Mscr.-samml. nr. 34)<\/span>&#8220;.\u00a0 Unnumbered in his citation of witnesses is the\u00a0<span style=\"color: #800080;\">kopialbuche des gerichts Selbold<\/span> also at Birstein.\u00a0 Only rarely, and for none of these witnesses, did Reimer specify a folio number, as he did with the &#8220;<span style=\"color: #ff00ff;\"><strong><span style=\"text-decoration: underline;\">Rothes Buch zu Birstein (A.) f. 148r<\/span><\/strong><\/span>&#8221; (No. 751)\u00a0\u2014 whose name\u00a0 of &#8220;<span style=\"text-decoration: underline;\"><strong><span style=\"color: #ff00ff; text-decoration: underline;\">Red Book<\/span><\/strong><\/span>&#8221; presumably derived from the color of its binding, as often in medieval parlance.<\/p>\n<p>Such editorial practices impede the chances of discerning with much precision the probable order of texts in any cartulary which may have underpinned the early-modern <span style=\"color: #ff0000;\">Selbold Copialbuch<\/span> at Birstein, or any other copies of that earlier cartulary produced beforehand, including the<span style=\"color: #ff0000;\"> Selbold Cartulary Fragments<\/span> with unnumbered folios.<\/p>\n<p>3.\u00a0 Heinrich Reimer, <em>Hessisches Urkundenbuch<\/em>, II. <em>Urkundenbuch zur Geschichte der Herren von Hanau und der ehemaligen Provinz Hanau<\/em>, <a href=\"https:\/\/archive.org\/details\/hessischesurkun01wyssgoog\/\" target=\"_blank\" rel=\"noopener\">1: <em>767\u20131300<\/em><\/a> (Leipzig:\u00a0 S. Hirzel, 1891) frequently cited as witness the <span style=\"color: #ff0000;\">Abschrift im Selbolder kopialbuche zu Birstein<span style=\"color: #000000;\">.\u00a0 He did so for all these texts \u2014\u00a0 often as the only witness, with a few notices (indicated here) of some 16th-century elements in it and\/or other companions.<\/span><\/span><\/p>\n<ul>\n<li>\n<div id=\"attachment_13902\" style=\"width: 238px\" class=\"wp-caption alignright\"><img aria-describedby=\"caption-attachment-13902\" loading=\"lazy\" class=\"wp-image-13902 size-medium\" src=\"https:\/\/manuscriptevidence.org\/wpme\/wp-content\/uploads\/2020\/07\/Piae_Postulatio_Voluntatis_bull_of_Pope_Paschal_II_1113-228x300.jpg\" alt=\"Archives of the Order of Saint John of Jerusalem, Rhodes, and Malta: &quot;Piae Postulatio Voluntatis&quot;. Bull issued by Pope Paschal II in 1113 in favour of the Order of St. John Hospitalier. Image Public Domain via Wikimedia Commons.\" width=\"228\" height=\"300\" srcset=\"https:\/\/manuscriptevidence.org\/wpme\/wp-content\/uploads\/2020\/07\/Piae_Postulatio_Voluntatis_bull_of_Pope_Paschal_II_1113-228x300.jpg 228w, https:\/\/manuscriptevidence.org\/wpme\/wp-content\/uploads\/2020\/07\/Piae_Postulatio_Voluntatis_bull_of_Pope_Paschal_II_1113-114x150.jpg 114w, https:\/\/manuscriptevidence.org\/wpme\/wp-content\/uploads\/2020\/07\/Piae_Postulatio_Voluntatis_bull_of_Pope_Paschal_II_1113-768x1011.jpg 768w, https:\/\/manuscriptevidence.org\/wpme\/wp-content\/uploads\/2020\/07\/Piae_Postulatio_Voluntatis_bull_of_Pope_Paschal_II_1113-778x1024.jpg 778w, https:\/\/manuscriptevidence.org\/wpme\/wp-content\/uploads\/2020\/07\/Piae_Postulatio_Voluntatis_bull_of_Pope_Paschal_II_1113.jpg 896w\" sizes=\"(max-width: 228px) 100vw, 228px\" \/><p id=\"caption-attachment-13902\" class=\"wp-caption-text\">Archives of the Order of Saint John of Jerusalem, Rhodes, and Malta: &#8220;Piae Postulatio Voluntatis&#8221;. Bull issued by Pope Paschal II in 1113 in favour of the Order of St. John Hospitalier. Image Public Domain via Wikimedia Commons.<\/p><\/div>\n<p>No. 70 (pp. 46\u201347).\u00a0 <a href=\"https:\/\/en.wikipedia.org\/wiki\/Pope_Paschal_II\" target=\"_blank\" rel=\"noopener\">Pope Paschal II<\/a> at Benevento on 1108 October 16.<\/li>\n<li>No. 77 (pp. 50\u201352).\u00a0 <a href=\"https:\/\/en.wikipedia.org\/wiki\/Pope_Innocent_II\" target=\"_blank\" rel=\"noopener\">Pope Innocent II<\/a> at the Lateran on 1139 April 25.<br \/>\n&#8220;Abschrift <strong>des 16. Jahrhunderts<\/strong> im <span style=\"color: #ff0000;\">Selbolder kopialbuche, Birstein<\/span>&#8220;.<\/li>\n<li>No. 90 (pp. 62\u201364). Archbishop Heinrich I of Mainz on 1151 May 25 <span style=\"color: #008080;\"><strong><span style=\"color: #000000;\">[Text 1 here]<\/span><\/strong>.<\/span><\/li>\n<li>No. 91 (pp. 64\u201365). Ditto<span style=\"color: #008080;\"><strong><span style=\"color: #000000;\"> [Text 2 here]<\/span><\/strong>.<\/span><\/li>\n<li>No. 97 (pp. 70\u201372).\u00a0 <a href=\"https:\/\/en.wikipedia.org\/wiki\/Pope_Adrian_IV\" target=\"_blank\" rel=\"noopener\">Pope Hadrian IV<\/a> at Sutri on 1158 June 12.<\/li>\n<li>No. 106 (pp. 83\u201384).\u00a0 &#8220;Abgrenzung der besitzunden der kl\u00f6ster Selbold und Meerholz&#8221; on 1173 September 14.<br \/>\n&#8220;Abschrift aus der mitte des 14. jahrhunderts auf einem perg.-blatt in Birstein und im <span style=\"color: #ff0000;\">Selbolder kopialbuche<\/span> daselbt&#8221;.<\/li>\n<li>No. 131 (pp. 104\u2013105).\u00a0 Frederick II at Fulda on 1217 August 15 <span style=\"color: #000000;\"><strong>[Texts 4\u20135 here]<\/strong><\/span>.<\/li>\n<li>No. 134 (p. 107).\u00a0 <a href=\"https:\/\/en.wikipedia.org\/wiki\/Pope_Honorius_III\" target=\"_blank\" rel=\"noopener\">Pope Honorius III<\/a> at the Lateran on 1219 March 14.<br \/>\n<span style=\"color: #000000;\">Also:\u00a0 &#8220;Kopp, <em>De insigni differentia<\/em> 366 (erster druck) und (nach W\u00fcrdtwein:\u00a0 Unbefang)&#8221;.<\/span><\/li>\n<li>No. 156 (p. 122).\u00a0 Pope <a href=\"https:\/\/en.wikipedia.org\/wiki\/Pope_Honorius_III\" target=\"_blank\" rel=\"noopener\">Honorius III<\/a> at the Lateran on 1223 March 30.<\/li>\n<li>No. 182 (pages 140\u2013141).\u00a0 Papal judgement for a Selbold dispute over the hospital and chapel at Gelnhaus on 1234 August 20.<br \/>\nAlso:\u00a0 &#8220;Das original erheilt 1543 der rath von Gelnhausen zur aufbewahrung&#8221;.<\/li>\n<li>No. 186 (pages 143\u2013144).\u00a0 Kloster Selbold settles a dispute between 2 brothers over an estate at Gondsroth &#8220;um 1234&#8221;.<\/li>\n<li>No. 196 (pp. 150\u2013151).\u00a0 Frederick II at W\u00fcrzburg in 1236 May <span style=\"color: #008080;\"><span style=\"color: #000000;\"><strong>[Text 7 here]<\/strong><\/span><span style=\"color: #333333;\">, with notes and variants (See above)<\/span><\/span><span style=\"color: #333333;\">.<\/span><\/li>\n<li>No. 197 (pp. 151\u2013152.\u00a0 Variant of the same:\u00a0 &#8220;Gleicher schutzbrief des kaisers ohne auff\u00fchrung der besitzungen&#8221;.<\/li>\n<li>No. 198 (pp. 152\u2013153).\u00a0 <a href=\"https:\/\/en.wikipedia.org\/wiki\/Pope_Gregory_IX\" target=\"_blank\" rel=\"noopener\">Pope Gregory IX<\/a> at the Lateran on 1237 March 19.<\/li>\n<li>No. 386 (pp. 283\u2013284).\u00a0 The town of Gelnhausen recognizes the payment of tithe by Ulrich von Krutorf to Kloster Selbold in 1259\u20131262.<br \/>\nAlso:\u00a0 The original had been deposited, after the disbanding of the Kloster in 1543, at the Gelnhausen <em>Stadtarchive<\/em> etc.<\/li>\n<li>No. 403 (pp. 288\u2013289).\u00a0 <a href=\"https:\/\/en.wikipedia.org\/wiki\/Pope_Clement_IV\" target=\"_blank\" rel=\"noopener\">Pope Clement IV<\/a> at Perugia on 1265 June 17.<\/li>\n<li>No. 404 (p.\u00a0 299).\u00a0 Pope Clement IV at Perugia on 1265 June 22.<\/li>\n<li>No. 445 (pp. 330\u2013331).\u00a0 <a href=\"https:\/\/en.wikipedia.org\/wiki\/Richard_of_Cornwall\" target=\"_blank\" rel=\"noopener\">King Richard<\/a> at Frankfurt 1269 May 23 [= Richard, Earl of Cornwall, King of the Romans (1209-1272)].<\/li>\n<li>No. 541 (pp. 299\u2013390).\u00a0 <a href=\"https:\/\/de.wikipedia.org\/wiki\/Werner_von_Eppstein\" target=\"_blank\" rel=\"noopener\">Archishop Werner of Mainz<\/a> at Aschaffenburg on 1277 June 22.<\/li>\n<li>No. 556 (p. 398).\u00a0 Ludwig von Isenburg on 1278 April 5.<\/li>\n<li>\n<div id=\"attachment_13903\" style=\"width: 310px\" class=\"wp-caption alignright\"><img aria-describedby=\"caption-attachment-13903\" loading=\"lazy\" class=\"wp-image-13903 size-medium\" src=\"https:\/\/manuscriptevidence.org\/wpme\/wp-content\/uploads\/2020\/07\/Medieval_Papal_bulla_FindID_407324-300x153.jpg\" alt=\"Lead Papal Bulla issued between 1227 and 1241 under Pope Gregory IX, Face and Dorse. Portable Antiquities Scheme (PAS) FindID 407324 (Hampshire). Image via Wikimedia Commons.\" width=\"300\" height=\"153\" srcset=\"https:\/\/manuscriptevidence.org\/wpme\/wp-content\/uploads\/2020\/07\/Medieval_Papal_bulla_FindID_407324-300x153.jpg 300w, https:\/\/manuscriptevidence.org\/wpme\/wp-content\/uploads\/2020\/07\/Medieval_Papal_bulla_FindID_407324-150x77.jpg 150w, https:\/\/manuscriptevidence.org\/wpme\/wp-content\/uploads\/2020\/07\/Medieval_Papal_bulla_FindID_407324-768x393.jpg 768w, https:\/\/manuscriptevidence.org\/wpme\/wp-content\/uploads\/2020\/07\/Medieval_Papal_bulla_FindID_407324-1024x524.jpg 1024w, https:\/\/manuscriptevidence.org\/wpme\/wp-content\/uploads\/2020\/07\/Medieval_Papal_bulla_FindID_407324.jpg 1335w\" sizes=\"(max-width: 300px) 100vw, 300px\" \/><p id=\"caption-attachment-13903\" class=\"wp-caption-text\">Lead Papal Bulla issued between 1227 and 1241 under Pope Gregory IX, Face and Dorse. Portable Antiquities Scheme (PAS) FindID 407324 (Hampshire). Image via Wikimedia Commons.<\/p><\/div>\n<p>No. 563 (pp. 402\u2013403).\u00a0 Ludwig von Isenburg at B\u00fcdingen on 1278 August 7.<br \/>\nAlso:\u00a0 &#8220;Kopp gibt in seiner handschriftlichen <em>Chronik<\/em> . . . diese urkunde . . . d.h. <span style=\"color: #ff0000;\">dem veloren [*]copialbuche des 14. jahrhunderts<\/span>&#8220;<\/li>\n<li>No. 589 (pp. 421\u2013421).\u00a0 <a href=\"https:\/\/de.wikipedia.org\/wiki\/Werner_von_Eppstein\" target=\"_blank\" rel=\"noopener\">Archishop Werner of Mainz<\/a> at Aschaffenburg on 1280 March 21.<br \/>\nAlso:\u00a0 &#8220;Regestiert:\u00a0 Simon III 35&#8221;, etc.<\/li>\n<li>No. 632 (pp. 452\u2013453).\u00a0 Berthold Gross, <em>b\u00fcrger<\/em> of Gelnhausen, and his wife Godestu on 1285 August 19<br \/>\n\u2014 with &#8220;Zwei abschriften im <span style=\"color: #ff0000;\">Selbolder kopialbuche zu Birstein<\/span>&#8220;<\/li>\n<li>No. 668 (pp. 478\u2013479). Walter and Berthold von Liesberg on 1288 September 20.<\/li>\n<li>No. 731 (p. 532). Abbot Wilhelm of Premontr\u00e9 Abbey in 1292.<\/li>\n<li>No. 759 (p. 553\u2013554). King Adolf at Gelnhausen on 1296 June 14.<span style=\"color: #33cccc;\"><span style=\"color: #000000;\"><strong> [Text 6 here]<\/strong>.<\/span><\/span><\/li>\n<\/ul>\n<p>In one case (No. 632), Reimer noted the presence of 2 copies in the <span style=\"color: #ff0000;\">Selbold kopialbuche<\/span> \u2014 similar, it may be, to the double (or varied) copies of some texts in the fragment which we consider here (<strong>Texts 1\u20132<\/strong> and <strong>4\u20135<\/strong>).<\/p>\n<p>In another case (No. 186), Reimer made his edition from the original document at Birstein, but noted that the text had been edited by Simon \u2014 &#8220;badly&#8221; and misdated \u2014 from the, or a, <em>copialbuch<\/em>:\u00a0 &#8220;Gedr.: Simon III 72 (nach <span style=\"color: #ff0000;\">copialbuch<span style=\"color: #000000;\"> [rightly here in <\/span>red<span style=\"color: #000000;\">?]<\/span><\/span>, schlecht und mit der datierung:\u00a0 um 1300)&#8221;.<\/p>\n<p>In another case (No. 563), where the edited text from the <span style=\"color: #ff0000;\">Selbold kopialbuch<\/span> has the reading of <em>MCCLXXVIII<\/em> <em>in vigilia Ciriaci <\/em>(= 7 August for the day before the feast-day of Saint <a href=\"https:\/\/en.wikipedia.org\/wiki\/Cyriacus\" target=\"_blank\" rel=\"noopener\">Cyriacus<\/a>) in the year 1278, Reimer noted [Johann Adam] Kopp&#8217;s transcription with the date instead of &#8220;1280 <em>in vigilia Circumcisionis&#8221; <\/em>(= 31 December), from the lost 14th-century<span style=\"color: #ff0000;\"> Selbold<\/span> <span style=\"color: #ff0000;\">*Liber<\/span> or <span style=\"color: #ff0000;\">*copialbuche<span style=\"color: #333333;\">, in his handwritten\u00a0<em>Chronik . . . der Grafen von Ysenberg<\/em> [in the &#8220;B\u00fcdinger Archiv&#8221;, presumably the <a href=\"https:\/\/www.stadt-buedingen.de\/Stadtleben\/Kultur\/Stadtarchiv\" target=\"_blank\" rel=\"noopener\">B\u00fcdinger Stadtarchiv<\/a>], with 2 copies of that <em>Chronik<\/em> kept in the <a href=\"https:\/\/de.wikipedia.org\/wiki\/Hanauer_Geschichtsverein_1844\" target=\"_blank\" rel=\"noopener\">Hanauische Geschichtsverein<\/a>.<br \/>\n<\/span><\/span><\/p>\n<p>This is how Reimer densely expressed it:<\/p>\n<p style=\"padding-left: 30px;\">Kopp gibt in seiner handschriftlichen <em>Chronik . . . der Grafen von Ysenberg<\/em> (von welcher der Hanauische geschichtsverein zwei abscriften besitzt) diese urkunde \u00ab<span style=\"color: #ff0000;\"><em>ex <\/em>[*]<em>libro privilegiorum et libertatum ecclesiae Selboldensis<\/em>\u00bb d. h. dem veloren [*]copialbuche des 14. jahrhunderts<\/span>, mit 1280<em> in vigilia Circumcisionis<\/em> [whereas the edited text from the <span style=\"color: #ff0000;\">Selbold kopialbuch<\/span> has the variant <em>MCCLXXVIII<\/em> <em>in vigilia Ciriaci<\/em>].<\/p>\n<p>(I take care to include the full quotation, along with my construction of its meaning, as the compacted phraseology calls for close reading, or &#8220;unpacking&#8221;.)\u00a0 Reimer also noted that the text of No. 563 had been &#8220;printed&#8221; already:\u00a0 &#8220;Gedr.:\u00a0 Kopp De insigni differentia 446&#8221;.\u00a0 That is:<\/p>\n<p>= Johann Adam Kopp, <em>Tractatus Iuris Publici De insigni differentia inter S. R. J. Comites et Nobiles immediatos<\/em> . . . (Strassburg, 2nd ed., 1725), <em>Supplementum<\/em>, no. 44 (<a href=\"https:\/\/books.google.com\/books?id=MMJKAAAAcAAJ&amp;pg=PA446&amp;lpg=PA446&amp;dq=%22tractatus+iuris+publici%22+%2B+Selbold&amp;source=bl&amp;ots=uz-H0100jk&amp;sig=ACfU3U0Ub1g-F6wNKWsoiB5XlF1u6XcXIw&amp;hl=en&amp;sa=X&amp;ved=2ahUKEwjlw96vt-fpAhWohXIEHThcCZcQ6AEwAHoECAoQAQ#v=onepage&amp;q=%22tractatus%20iuris%20publici%22%20%2B%20Selbold&amp;f=false\" target=\"_blank\" rel=\"noopener\">p. 446<\/a>), from the <span style=\"color: #ff0000;\">[*]<\/span><em><span style=\"color: #ff0000;\">Libro Msto. Privilegior. Eccles. Selbold<\/span>.<\/em> (<a href=\"https:\/\/books.google.com\/books?id=MMJKAAAAcAAJ&amp;pg=PA446&amp;lpg=PA446&amp;dq=%22tractatus+iuris+publici%22+%2B+Selbold&amp;source=bl&amp;ots=uz-H0100jk&amp;sig=ACfU3U0Ub1g-F6wNKWsoiB5XlF1u6XcXIw&amp;hl=en&amp;sa=X&amp;ved=2ahUKEwjlw96vt-fpAhWohXIEHThcCZcQ6AEwAHoECAoQAQ#v=onepage&amp;q=%22tractatus%20iuris%20publici%22%20%2B%20Selbold&amp;f=false\" target=\"_blank\" rel=\"noopener\">p. 146<\/a>).\u00a0 That is, from the &#8220;Mixed <em>or<\/em> <span style=\"color: #000000;\">Miscellaneous<\/span> (<em>misto<\/em>, a variant or corruption of <em>mixto<\/em>, from the verb <a href=\"https:\/\/en.wiktionary.org\/wiki\/misceo\" target=\"_blank\" rel=\"noopener\">misceo<\/a>) <span style=\"color: #ff0000;\">Book of the Privileges of the Church of Selbold<\/span>&#8220;.<\/p>\n<p>In the same publication, Kopp cited (p. 128) a document of 1217 issued by Gerlacus de Budingen [apparently the same person named in <strong>Text 4<\/strong>], from that selfsame book, which he named with precisely the same title.\u00a0 Shall we guess or presume that the book itself carried that title?\u00a0 Sounds plausible.<\/p>\n<p>Kopp (1698\u20131748), a jurist, dedicated his publication to <a href=\"https:\/\/www.myheritage.com\/names\/wolfgang_von%20isenburg-b%C3%BCdingen-birstein\" target=\"_blank\" rel=\"noopener\">Wolfgang Ernst I von Isenburg-B\u00fcdingen-Birstein<\/a> (1686\u20131754), Count of <a href=\"https:\/\/en.wikipedia.org\/wiki\/Isenburg-Birstein\" target=\"_blank\" rel=\"noopener\">Isenburg-Birstein<\/a> from 1711 to 1744.\u00a0 Might the acquaintance with, and access to, that <span style=\"color: #ff0000;\">[*]Liber<span style=\"color: #000000;\"> have related to its physical location within that sphere of influence and patronage?\u00a0 Such a pattern might have resembled the access in a later generation which Gustav Simon obtained for the late-medieval witness owned by Prince Bruno of Ysenburg and B\u00fcdingen.<\/span><\/span><\/p>\n<p>In fact, the lines of descent of titles of Counts and Princes (<em>Grafen und Fursten von Ysenburg and B\u00fcdingen<\/em>) lead directly from Count Wolfgang Ernest I to the series of Counts and then Princes of Isenburg-B\u00fcdingen-B\u00fcdingen.\u00a0 The last of the Counts is Ernst Casimir (1758\u20131801), father of the first Prince of Ysenburg-B\u00fcdingen-B\u00fcdingen, Ernest Casimir (1801\u20131848), and grandfather of the third Prince, Bruno.\u00a0 (See <a href=\"https:\/\/en.wikipedia.org\/wiki\/Isenburg-B\u00fcdingen\" target=\"_blank\" rel=\"noopener\">Isenburg-B\u00fcdingen<\/a> and <a href=\"https:\/\/de.wikipedia.org\/wiki\/Isenburg-B\u00fcdingen\" target=\"_blank\" rel=\"noopener\">Isenburg-B\u00fcdingen<\/a>.)\u00a0 With those patterns of lineal transmission would also have come properties and possessions.\u00a0 Books included?\u00a0 Especially ones that adorn and document those forms of possession, we might think.<\/p>\n<p>From the reports available to Reimer of such a <span style=\"color: #ff0000;\">Liber<\/span> for the Church of Selbold, having detectable textual variants from the <span style=\"color: #ff0000;\">Selbold Copialbuch<span style=\"color: #000000;\"> which remained in view for his edition, he found it necessary to recognize that such a book had existed, even if no longer to hand.\u00a0 <\/span><\/span><span style=\"color: #ff0000;\"><span style=\"color: #000000;\">In his gloss on Kopp&#8217;s notice, Reimer equated that <span style=\"color: #ff0000;\">Liber<span style=\"color: #000000;\"> unquestionably with<\/span><\/span> &#8220;the lost 14th-century <span style=\"color: #ff0000;\">Copialbuche<\/span>&#8220;:<\/span> <\/span><\/p>\n<p style=\"padding-left: 30px;\"><span style=\"color: #ff0000;\">\u00ab<em>ex libro privilegiorum et libertatum ecclesiae Selboldensis<\/em>\u00bb d.[as] h.[e<span class=\"st\">i\u00df<\/span>t] dem veloren copialbuche des 14. jahrhunderts <span style=\"color: #000000;\">(p. 403).<\/span><br \/>\n<\/span><\/p>\n<p>Could be?\u00a0 Might it have been hiding in plain sight, if one knew where to look, or been moved into hiding?<\/p>\n<p>Here I refer to that manuscript, whether lost or lost sight of, as the Selbold <span style=\"color: #ff0000;\">*<\/span><em><span style=\"color: #ff0000;\">Liber Priviligiorum<\/span> or <span style=\"color: #ff0000;\">*Kopialbuch<\/span>.\u00a0<\/em> Rightly or not, Reimer regarded it as the exemplar from which the extant <span style=\"color: #ff0000;\">Selbold Kopialbuch<\/span> at Birstein was copied.<\/p>\n<p>Sight unseen, we must depend upon published descriptions or citations of that extant book for reports of its structure, contents, appearance, and date-range of production.\u00a0 Some information emerges, as we can see, in scattered locations across notes and references in the various editions which derive their texts from the <span style=\"color: #ff0000;\">Selbold Kopialbuch<\/span> among others.\u00a0 Among those whose works have been able to consult in a time of widespread library-closures or lock-downs (Spring 2020), rarely (if at all) did an editor give a clear and consistent description of the book among his consulted witnesses.<em><br \/>\n<\/em><\/p>\n<h3>The 14th-Century <span style=\"color: #ff0000;\">(*)Liber Priviligiorum \/ <em>Kopialbuche<\/em><\/span> on Paper<br \/>\nAnd a 16th-Century Copy on Paper (the <span style=\"color: #ff0000;\">Selbold <em>Kopialbuche<\/em><\/span>) in Birstein<br \/>\n(Among Others)<\/h3>\n<p>In the<em> Vorwort<\/em> to his edition, when turning to &#8220;Kloster Selbold&#8221; (pp. xxii\u2013xxiii), Reimer described the sources.\u00a0 The descriptions are both revealing and tantalizing.\u00a0 Thus (p. xxiii), with added highlights and colors:<\/p>\n<p style=\"padding-left: 30px;\">In 14. Jahrhundert wurde im Kloster ein <span style=\"color: #ff0000;\">[*]Kopialbuch auf Papier<\/span> angelegt, das den Titel f\u00fcrhte: <em><span style=\"color: #ff0000;\">Liber privilegiorum et libertatum ecclesie Selboldensis<\/span>.<\/em>\u00a0 Noch im vorigen Jahrhundert benutzte es [Johann Adam] Kopp in seiner handschriftlichen <em>Geschichte der Herren und Grafen von Ysenburg<\/em> [note 1: &#8220;Original im B\u00fcdinger Archiv, zwei Abschriften in Besize des Hanauer Greshichtsvereins&#8221;], bis jezt ist es aber nicht vieder aufgefunden vorden.\u00a0 Gl\u00fcchlicherweise ist es ganz oder zum gr\u00f6sten Theile abschriftlich in ein <span style=\"color: #ff0000;\">Kopialbuch des 16. Jahrhunderts<\/span> aufgenomen worden.\u00a0 Dieses (<span style=\"color: #ff0000;\">Manuscriptensammlung 31 zu Birstein<\/span>) hat 175 beschriebene Papierbl\u00e4tter und ist in eine Pergament-Urkunde von 1540 eingebunden.<\/p>\n<p style=\"padding-left: 30px;\">Die erste H\u00e4lfte wurd in den Jahren <strong>1539\u201342<\/strong> von Dr. Johan Beyer geschrieben; von Seite 175 an bringen verschiedene andere etwa gleichzeitige Schreiber neben Urkundenabschriften einige Altenst\u00fccke und beisiegelte Scheine des 16. Jahrhunderts, von Seite 292\u2013302 kurze Urkunden-Berzeichnisse, von 313 an Alten \u00fcber die Abtrenung des Klosters an Ysenburg aus den Jahren <strong>1529\u20131555<\/strong>.\u00a0 Bei der Niederschrift deutscher Urkunden ist die Schreibweise des 16. Jahrhunderts von gro\u03b2en Einflusse gewesen.<\/p>\n<p style=\"padding-left: 30px;\">Gleichzeitig wurde noch eine zweite Abschriftensammlung anlgelegt <span style=\"color: #ff0000;\">Manuscriptensammlung 32<\/span>):\u00a0 \u00abUber das <span style=\"color: #800080;\">Selbolder gerichte<\/span> und aller dessen zugehorde allerein abcopirte urkunde und verschreibunge\u00bb, est enth\u00e4lt 151 beschreibene und einige leere Papierbl\u00e4tter.\u00a0 Die alten Urkunden desselben finden sich fast alle bereits in <span style=\"color: #ff0000;\">31<span style=\"color: #000000;\"> [the<\/span> Selbold Kopialbuch<span style=\"color: #000000;\">]<\/span><\/span>.<br \/>\n[Is this MS 32 the <span style=\"color: #800080;\">Kopialbuch des Selbolder gerichtes<\/span>?\u00a0 If so, we now knew its pressmark, repository, number of leaves, and parts of its contents.]<\/p>\n<p style=\"padding-left: 30px;\"><strong>Gudenus<\/strong> (<em>Codex Diplomaticus<\/em>), <strong>Wenck<\/strong> (<em>Hess. Landesgeschichte<\/em>) und <strong>Simon<\/strong> (<em>Ysenburgische Geschichte<\/em>) haben die meisten der \u00e4lteren Urkunden gebrucht; die beiden ersten zumeist nach dem <span style=\"color: #ff0000;\">Kopialbuche nr. 31<\/span>.\u00a0 Eine \u00dcbersicht \u00fcber die Geschichte des Klosters, die aber mancher Berichtigungen bedarf, gab Pfarrer Junghans in den <em>Mittheilungen des hanauer Bezirkvereins<\/em> VI 95 folg.<\/p>\n<p>This list deserves scrutiny.<\/p>\n<h3>Gudenus <em>Et Alia<\/em><\/h3>\n<p>First, we wonder:\u00a0 Which volume, let alone which page, is meant by Reiner&#8217;s citation of &#8220;Gudenus (<em>Codex Diplomaticus<\/em>)&#8221;?<\/p>\n<div id=\"attachment_13912\" style=\"width: 243px\" class=\"wp-caption alignright\"><img aria-describedby=\"caption-attachment-13912\" loading=\"lazy\" class=\"wp-image-13912 size-medium\" src=\"https:\/\/manuscriptevidence.org\/wpme\/wp-content\/uploads\/2020\/07\/330px-Gudenus_Freiherren_Wappen-233x300.jpg\" alt=\"Exlibris (1732) of Valentin Ferdinand Freiherr von Gudenus (1679-1758). Image Public Domain via Wikimedia Commons.\" width=\"233\" height=\"300\" srcset=\"https:\/\/manuscriptevidence.org\/wpme\/wp-content\/uploads\/2020\/07\/330px-Gudenus_Freiherren_Wappen-233x300.jpg 233w, https:\/\/manuscriptevidence.org\/wpme\/wp-content\/uploads\/2020\/07\/330px-Gudenus_Freiherren_Wappen-117x150.jpg 117w, https:\/\/manuscriptevidence.org\/wpme\/wp-content\/uploads\/2020\/07\/330px-Gudenus_Freiherren_Wappen.jpg 330w\" sizes=\"(max-width: 233px) 100vw, 233px\" \/><p id=\"caption-attachment-13912\" class=\"wp-caption-text\">Exlibris (1732) of Valentin Ferdinand Freiherr von Gudenus (1679-1758). Image Public Domain via Wikimedia Commons.<\/p><\/div>\n<p>The editor in question must be <a href=\"https:\/\/de.wkipedia.org\/wiki\/Valentin_Ferdinand_von_Gudenus\" target=\"_blank\" rel=\"noopener\">Valentin Ferdinand von Gudenus<\/a> (1679\u20131758), jurist and historian.\u00a0 Born in Mainz, he converted to Catholicism in 1630 as he entered courtly service under the Archbishop-Elector of Mainz.\u00a0 Among other activities, over the course of his long lifetime he published prolifically. His attention to publishing documentary sources, and particularly those relating to Mainz and its Electorship (not least because many of them were subsequently destroyed or scattered), helped to pave the way for later historians&#8217; work in these and other realms.<\/p>\n<p>Multiple books by him occur in lists of &#8220;Erkunden nach Autoren&#8221; for <a href=\"https:\/\/www.digitale-sammlungen.de\/index.html?c=autoren_index&amp;ab=Gudenus%2C+Valentin+Ferdinand+von&amp;l=de\" target=\"_blank\" rel=\"noopener\">Valentin Ferdinand von Gudenus<\/a>.\u00a0 Their variations in titling can add to the tedium of chasing Reimer&#8217;s reference only to author + compressed title.\u00a0 In this case, the expansion of the reference must proceed by inference and investigation, rather than, say, by recourse within the same volume, a few (or many) pages away, to a list of &#8216;Abbreviations&#8217;, &#8216;Cited Sources&#8217;, or the like.<\/p>\n<p>Different library catalogues and other bibliographical resources refer in various ways to Gudenus&#8217;s <em>Codex Diplomaticus<\/em> (&#8220;Book of Documents <em>or<\/em> Diplomas&#8221;) in some forms or other.<\/p>\n<p>An encyclopedia entry in <a href=\"https:\/\/de.wkipedia.org\/wiki\/Valentin_Ferdinand_von_Gudenus\" target=\"_blank\" rel=\"noopener\">German<\/a> for Gudenus lists his publications under this &#8220;Masterwork&#8221; and &#8220;Others&#8221;.<\/p>\n<p style=\"padding-left: 30px;\"><strong>Hauptwerk<\/strong><\/p>\n<ul>\n<li>Codex Diplomaticvs: Exhibens Anecdota Ab Anno DCCCLXXXI, Ad MCCC. Mogvntiaca, Ivs Germanicvm, Et S.R.I. Historiam Illvstrantia \/ Ex Latebris In Lvcem Protraxit Notasqve Addidit Valent. Ferd. De Gvdenvs, Immed. Ord. Eqvestris Imp. Camerae Imperialis Assessor. Goettingae; Francofurti; Lipsiae 1743\u20131768. (Digitalisate: <a class=\"external text\" href=\"http:\/\/reader.digitale-sammlungen.de\/de\/fs1\/object\/display\/bsb11211697_00005.html\" rel=\"nofollow\">Band 1<\/a> , <a class=\"external text\" href=\"http:\/\/reader.digitale-sammlungen.de\/de\/fs1\/object\/display\/bsb11211698_00005.html\" rel=\"nofollow\">Band 2<\/a>, <a class=\"external text\" href=\"http:\/\/reader.digitale-sammlungen.de\/de\/fs1\/object\/display\/bsb10515367_00007.html\" rel=\"nofollow\">Band 3<\/a>, <a class=\"external text\" href=\"http:\/\/reader.digitale-sammlungen.de\/de\/fs1\/object\/display\/bsb10515373_00005.html\" rel=\"nofollow\">Band 4<\/a>, <a class=\"external text\" href=\"http:\/\/reader.digitale-sammlungen.de\/de\/fs1\/object\/display\/bsb10515369_00007.html\" rel=\"nofollow\">Band 5<\/a>) <small>(Titel und Verleger variieren in den einzelnen B\u00e4nden)<\/small><\/li>\n<\/ul>\n<p style=\"padding-left: 30px;\"><strong>Weitere Werke<\/strong><\/p>\n<ul>\n<li>Sylloge I. variorum diplomatariorum monumentorumque veterum ineditorum adhuc et res Germanicas, in primis vero Moguntinas illustrantium. Quae.post diram plurium seculorum inclusionem,\u2026 atque nunc tandem libertate plenaria, ad quam avidissime anhelant, donare decrevit. \u2013 Andrea &amp; Hort, Francofurti ad Moenum (Ffm) 1724\/28. (<a class=\"external text\" href=\"http:\/\/reader.digitale-sammlungen.de\/de\/fs1\/object\/display\/bsb10015936_00003.html\" rel=\"nofollow\">Digitalisat<\/a>)<\/li>\n<\/ul>\n<ul>\n<li>Vncialaevm Selectvm Wetzlariense. Das ist: Genaue Recensir- und Beschreibung Eines gesammleten Vorraths au\u00dferlesener Cabinets-Thaler An der Zahl 784 Stu\u00a8ck \u2026\u00a0: Wobey zugleich ihrer iedem, per distinctas Classes &amp; Gradvs, die ienige Rang-Stell angewiesen ist, welche ihme \u2026 gebu\u00a8hret\u00a0; Nebst einem Anhang von 92 andern Mu\u00a8ntzen, und Medaillen \/ Collegit, descripsit, Notisque sparsim illustravit Valent. Ferdin. de Gvdenvs Eq. Imp. immed. Circuli Rhen. sup. Camer\u00e6 Imperialis Assessor. Nicolaus Ludwig Winckler, Wetzlar 1734. [Digitized <a href=\"https:\/\/mdz-nbn-resolving.de\/urn:nbn:de:bvb:12-bsb11062403-0\" target=\"_blank\" rel=\"noopener\">here<\/a>.]<\/li>\n<\/ul>\n<p>In bibliogaphical citations, the multi-volume &#8220;Masterwork&#8221; (in its variations) is summed up in various ways, which opt for the wording of one volume or another.\u00a0 Wikipedia (above) opts for the first volume (not numbered as such).\u00a0 Other authorities may opt for others.\u00a0 For example:<\/p>\n<ul>\n<li>Valentin Ferdinand Von Gudenus, Friedrich Carl von Buri, and Heinrich Wilhelm Buri, <em>Codex diplomaticus anecdotorum res Moguntias, Trevirenses, Franconica, Palatinas, finitimarumque regionum, nec non jus germanicum et S. R. I. historiam vel maxime <\/em><span class=\"breaker-breaker\"><em>illustrantium<\/em> (G\u00f6ttingen \/ Frankfurt am Main \/ Leipzig, 5 vols., 1743\u20131768).<\/span><\/li>\n<\/ul>\n<p>Tracking the series, individually, shows their range and progress as the titles change or &#8216;evolve&#8217;.\u00a0 To keep it &#8216;simple&#8217;, I focus on the issues of the series from Frankfurt &amp; Leipzig, after the first volume solely from <span class=\"breaker-breaker\">G\u00f6ttingen<\/span>.<\/p>\n<ul>\n<li><a href=\"http:\/\/mdz-nbn-resolving.de\/urn:nbn:de:bvb:12-bsb10515365-7\" target=\"_blank\" rel=\"noopener\">Volume [I]<\/a>, <a href=\"http:\/\/books.google.com\/books?id=PPU-AAAAcAAJ&amp;hl=&amp;source=gbs_api_\" target=\"_blank\" rel=\"noopener\">Volume [I]<\/a>, or <a href=\"https:\/\/archive.org\/details\/bub_gb_PPU-AAAAcAAJ\/\" target=\"_blank\" rel=\"noopener\">Volume [I]<\/a>. \u00a0\u00a0Valentin Ferdinand Von Gudenus, <em>Codex diplomaticus exhibens Anecdota ab anno DCCCLXXXI, ad MCCC, Moguntiaca, ius Germanicum, et S. R. I. historiam illustrantia.\u00a0 Ex latebris in lucem protraxit notasque addit Valent. Ferd. de Gudenus, immed. ord. equestris imp., camerae imperialis assessor<\/em> (G<span class=\"breaker-breaker\">\u00f6ttingen<\/span>: &#8220;Sumptu Regiae Officinae Librar. Academ.&#8221;, 1743)<br \/>\n\u2014 &#8216;Selbolt&#8217; as a place is mentioned in Index I for no. CLXIV (pp. 432\u2013445, at p. 444) and as a surname in Index III (for pp. 743 and 947)<\/li>\n<\/ul>\n<ul>\n<li><a href=\"http:\/\/mdz-nbn-resolving.de\/urn:nbn:de:bvb:12-bsb11211698-0\" target=\"_blank\" rel=\"noopener\">Volume II<\/a>.\u00a0 Valentin Ferdinand Von Gudenus, <em>Codex diplomaticus Anecdotorum, res Moguntinas, Francicas, Trevirenses, Coloniensis, finitimarumque regionum, nec non ius Germanicum et S. R. I. historiam vel maxime illustrantium.\u00a0 Tomus II.\u00a0 Ex latebris in lucem protraxit, digessit, Notisque et Obserationis interspersis, adiectis etiam tabulis genearchicis ac sigillorum ectypis elegantiorem, reddit Valentinus Ferdinandus S. R. I. Liber Baro de Gudenus, Camer\u00e6 imperialis assessor<\/em> (Frankfurt and Leipzig:\u00a0 &#8220;Apud B. W. L. Springii haeredes et Jo. Gottl. Garbe: Typis Ioan. Bernard. Eichenberg, Senioris&#8221;, 1747)<\/li>\n<\/ul>\n<ul>\n<li><a href=\"https:\/\/reader.digitale-sammlungen.de\/de\/fs1\/object\/display\/bsb11064257_00003.html\" target=\"_blank\" rel=\"noopener\">Volume III<\/a> or <a href=\"http:\/\/books.google.com\/books?id=PaLDw5xKMX4C&amp;hl=&amp;source=gbs_api\" target=\"_blank\" rel=\"noopener\">Volume III<\/a>.\u00a0 Valentin Ferdinand Von Gudenus, <em>Codex diplomaticus anecdotorum, res Moguntinas, Francicas, Trevirenses, Aassiacas, finitimarunque regionum, nec non ius germanicum S. R. I. historiam vel maxime illustrantium.\u00a0 Tomus IV.\u00a0\u00a0 Ex latebris in lucem protraxit notasque additit Valentinus Ferdinandus S. R. I. Liber Baro de de Gudenus, Camer\u00e6 imperialis assessor <\/em> (Frankfurt and Leipzig:\u00a0 &#8220;Typis Christoph. Stoehr, Typog. Ysenb. Budingensis&#8221;, 1751)<br \/>\n\u2014 with 3 mentions of <a href=\"https:\/\/archive.org\/details\/bub_gb_PaLDw5xKMX4C\/page\/n21\/mode\/2up?q=Selbolt\" target=\"_blank\" rel=\"noopener\">Selbolt<\/a> (nos. II, XLVII, and CXCVII on pp. 2\u20133, 62\u201363, and 271\u2013273) and 1 of <a href=\"https:\/\/archive.org\/details\/bub_gb_PaLDw5xKMX4C\/page\/n229\/mode\/2up?q=Selbold\" target=\"_blank\" rel=\"noopener\">Selbold<\/a> (no. XLIV on pp. 211\u2013214), for which only the first receives infomation of the source, but it is a manuscript from Aschaffenburg rather than one for Selbold<\/li>\n<\/ul>\n<ul>\n<li><a href=\"http:\/\/mdz-nbn-resolving.de\/urn:nbn:de:bvb.12-bsb11064258-2\" target=\"_blank\" rel=\"noopener\">Volume IV<\/a>.\u00a0\u00a0 [<em>Ditto, but with <\/em>&#8220;Tomus IV&#8221;] (<em>Ditto<\/em>, but in 1758)<br \/>\n\u2014 without discernible mention of Selbold or Selbolt<\/li>\n<\/ul>\n<ul>\n<li><a href=\"https:\/\/reader.digitale-sammlungen.de\/de\/fs1\/object\/display\/bsb11064259_00003.html\" target=\"_blank\" rel=\"noopener\">Volume V<\/a>. Valentin Ferdinand Von Gudenus, Friedrich Carl von Buri, and Heinrich Wilhelm Anthony Buri, <em>Codex diplomaticus anecdotorum, res Moguntinas, Trevirenses, Franconicas, Palatinas, finitmarumque regionum, jus Germancum et S. R. I. historiam vel maxime illustrantium.\u00a0 Tomus V.\u00a0 Ex Schedis B. Vanentini Ferdinandi S. R. I. Liberi Baronis de Gudenus, camer\u00e6 imperalis quondam assessoris, uv et B. Friderici Caroli de Buri, serenissimo principi ac domino Ludovico Hassiae Landgravio a consilii seretioribus, collegit, digessit, produxit Henr. Wilh. Ant. Buri, sereniss. ac celsiss. domus Ysenburgicae consiliarius et archivarius<\/em> (Frankfurt and Leipzig:\u00a0 &#8220;Typis Ulrici Weiss, Topogr. Offenbac.&#8221;, 1768)<br \/>\n\u2014 Indexed only is the &#8220;Selbolt <em>Familia<\/em>&#8220;, having only 1 item, namely &#8220;Herm. de Selbolt&#8221; in no. III (pp. 995\u2013995), presented among the <em>Manipulus chartarum miscellanearum ex medio aevo<\/em> (from p. 993 onward), but with no source cited<\/li>\n<\/ul>\n<p>The publication of this <em>Corpus<\/em> emerged as a multi-volume work issued in stages over some 25 years.\u00a0 Over time, the individual titles changed somewhat, the imprints of printers and places of publication would vary, and more co-editors attained the title-page \u2014 including one proclaimed on the last title-page as &#8220;advisor and archivist to the House of Ysenburg&#8221;.\u00a0 That latter co-editor, Heinrich Wilhelm Buri, completed the last volume after Gudenus&#8217;s death.\u00a0 The volume was co-edited also by his brother, the diplomat <a href=\"https:\/\/de.wikipedia.org\/wiki\/Friedrich_Karl_von_Buri\" target=\"_blank\" rel=\"noopener\">Friedrich Karl von Buri<\/a> (1702\u20131767, &#8216;von Buri&#8217; from 1753), who entered the service of Graf Wolfgang Ernst I of Isenburg and B\u00fcdingen in 1733.\u00a0 He became a Count in 1736, then from 1744 a Prince, in the Isenburg Court, Government, and Constitutory Councils in Birstein.<\/p>\n<p>The search among these volumes aimed to see if, and how, the editor(s) saw fit to use and to describe the <span style=\"color: #ff0000;\">Selbold (<em>or<\/em> Selbolt) Copialbuch<\/span>.<\/p>\n<p>So far, no good.\u00a0 Would Reimer&#8217;s awareness of Gudenus&#8217;s use of this witness have derived from some other source, perhaps unwritten or unpublished or inaccessible?<\/p>\n<h3>Sources for Cartularies of &#8220;the Privileges and Rights of the Church of Selbold&#8221;<\/h3>\n<p>To sum up, insofar as accessible resources show, the sources for this book in its varieties, medieval and later, center upon:<\/p>\n<p style=\"padding-left: 30px;\">I.\u00a0 the lost 14th-century <span style=\"color: #ff0000;\">*Kopialbuch<\/span> or <span style=\"color: #ff0000;\">*Liber<\/span> made on paper for the monastery of Selbold with the title <span style=\"color: #ff0000;\"><em>Liber privilegiorum et libertatum ecclesie Selboldensis<\/em><\/span> \u2014 which had become lost, but known to Reimer from Kopp&#8217;s manuscript copy of it (plus 2 copies of that copy), namely the next item here.<\/p>\n<p style=\"padding-left: 30px;\">2a\u2013c.\u00a0 a manuscript copy of that book made in the 18th century by the historian and scholar Johann Adam <strong>Kopp<\/strong> and kept in the B\u00fcdinger Archive (Let&#8217;s call it Witness &#8220;2a&#8221;), plus 2 copies of it owned by the <a href=\"https:\/\/de.wikipedia.org\/wiki\/Hanauer_Geschichtsverein_1844\" target=\"_blank\" rel=\"noopener\">Hanauer Geschichtsverein<\/a> (Witnesses &#8220;2b\u2013c&#8221; at one remove from the <span style=\"color: #ff0000;\">*Liber<\/span>).<\/p>\n<p style=\"padding-left: 30px;\">3.\u00a0 a copy of that <span style=\"color: #ff0000;\">*Liber<\/span> (or most of it) made on paper in the 16th century, bound in a (recycled) parchment document of 1540, kept as in the <em>Manuscriptensammlung<\/em> as MS (or number) <span style=\"color: #ff0000;\">31 at Birstein<\/span>, called the <span style=\"color: #ff0000;\">Selbold Kopialbuch<\/span> (or the like), and described by Reimer in some detail in his <em>Vorwort<\/em>, amplified or overriden by some additional remarks in the course of the notes for some of the texts in his edition (as above).<\/p>\n<p style=\"padding-left: 30px;\">The volume contains 175 paper leaves (= 350 pages) of writing, of which pp. 1\u2013174 were written by a Dr. Johan Beyer in the years 1539\u201342, followed by texts written by other scribes, more-or-less contemporary (presumably pp. 176\u2013312 or so), and then an Index of documents (from pages 313 on), plus an account of the <em>Abtrenning<\/em> (&#8220;separation, detachment, removal&#8221;) of the monastery to Ysenberg in the years 1529\u20131555.<\/p>\n<p style=\"padding-left: 30px;\">4.\u00a0 a second &#8220;contemporary&#8221; (16th-century?) copy in Birstein MS <span style=\"color: #ff0000;\">32<\/span>.\u00a0 Perhaps it is the <span style=\"color: #800080;\">Kopialbuch des Selbolder gerichtes<span style=\"color: #000000;\">, given Reimer&#8217;s description of the contents of this witness (<em>Uber das Selbolder gerichte<\/em>, etc.), with duplicates of most of the &#8220;older documents&#8221; found in the <span style=\"color: #ff0000;\">Selbold Kopialbuch<\/span> (<span style=\"color: #ff0000;\">Birstein 31<\/span>).<\/span><\/span><\/p>\n<p>Another witness appears intermittently in the published sources, including Reimer&#8217;s, but not in his list of Witnesses.\u00a0 There is<\/p>\n<p style=\"padding-left: 30px;\">5.\u00a0 apparently another copy (of unknown span) of the <span style=\"color: #ff0000;\">*Liber<\/span>, or parts of it, preserved &#8220;in Wencks&#8217;s estate at <a href=\"https:\/\/en.wikipedia.org\/wiki\/Darmstadt\" target=\"_blank\" rel=\"noopener\">Darmstadt<\/a>&#8221; (whereabouts there unspecified)\u00a0\u2014 namely, it would seem, that of the historian and editor <a href=\"https:\/\/en.wikipedia.org\/wiki\/Helfrich_Bernhard_Wenck\" target=\"_blank\" rel=\"noopener\">Helfrich Bernhard Wenck<\/a> (1739\u20131803), responsible for the editions of some Selbold materials, including <strong>Texts 1, 5, and 7<\/strong> here.\u00a0 Reimer cites this witness in the notes for his Volume 2, Numbers 621 and 652, and for Volume 3, Number 420 (= <strong>Text 8<\/strong>).\u00a0 He identified its relevant parts only as an <em>Abschrift, <\/em>made &#8220;<span style=\"color: #ff0000;\"><em>ex libr. cop<\/em>.<\/span>&#8221; or &#8220;<em><span style=\"color: #ff0000;\">ex. cop. ant<\/span>.<\/em>&#8220;, to be found in Wencks&#8217;s <em>Nachlass<\/em>.<\/p>\n<p style=\"padding-left: 30px;\">Owned by Wencks, the copy may have been made by, or for, him, and therefore would have dated to the 18th century.\u00a0 The abbreviated descriptions in Latin\u00a0\u2014 expandable as, say, <span style=\"color: #ff0000;\">ex libro copiale<\/span> and <span style=\"color: #ff0000;\">ex copiale antiquo <span style=\"color: #000000;\">(&#8220;from the <span style=\"color: #ff0000;\">Copial <em>Liber<\/em><\/span>&#8221; and &#8220;from the <span style=\"color: #ff0000;\">old Copialbook<\/span>&#8220;) \u2014 imply that Reimer copied its own description from Wencks&#8217;s version in consulting it.\u00a0 The variants in the phrasing may indicate that the individual copies of the documents carried those varied &#8220;titles&#8221; for the same exemplar, and thus might imply that Wencks&#8217;s copy or copies from the <span style=\"color: #ff0000;\">*Liber<\/span> were produced piecemeal, either in staggered stages and\/or on separate leaves rather than in a single volume.<\/span><\/span><\/p>\n<p style=\"padding-left: 30px;\">Applied to a &#8220;<span style=\"color: #ff0000;\">copialbook<\/span>&#8220;, the terms &#8220;<span style=\"color: #ff0000;\"><em>Liber<\/em><\/span>&#8221; and &#8220;<span style=\"color: #ff0000;\">old<\/span>&#8221; almost certainly pertain to the old, and lost, <span style=\"color: #ff0000;\">*<em>Liber Privilegiorum<\/em> [etc.]<\/span> \u2014 and not to the copialbooks of either the Selbold Parish (<span style=\"color: #800080;\">Kopialbuch der Selboldischen pfarreie<\/span>n, or &#8220;Birstein Mscr.-samml. nr. 34&#8221;) or the Selbold Court (<span style=\"color: #800080;\">K<\/span><span style=\"color: #ff0000;\"><span style=\"color: #000000;\"><span style=\"color: #800080;\">opialbuch des Selbolder gerichtes<\/span>, in an unspecified collection, unless it is <span style=\"color: #800080;\">Birstein no. 32<\/span>). It is possible to reach this level of probability or certainty about the [<span style=\"color: #ff0000;\">*<\/span>]<span style=\"color: #ff0000;\">Liber<\/span> in the context of the fuller title reported, and reiterated, in Kopp&#8217;s mention, at least in print, of his own acquaintance with individual texts which he had observed <span style=\"color: #ff0000;\"><em>ex libro privilegiorum et libertatum ecclesiae Selboldensis<\/em><\/span>.<\/span> <\/span><\/p>\n<p>Glimpses perhaps of yet another late-medieval copy, if not one of those listed above, emerge in the edition of 2 texts shared by the <span style=\"color: #ff0000;\">Selbold Cartulary Fragment<\/span> and some other witnesses.<\/p>\n<p style=\"padding-left: 30px;\">6?\u00a0 the &#8220;15th-century&#8221; <em>Abschrift<\/em> of some unspecified kind and location used for the edition of <strong>Texts 5 and 7<\/strong> on their own, supplementing those by Wencks and by Simon respectively, by the well-connected <a href=\"https:\/\/de.wikipedia.org\/wiki\/Schenck_zu_Schweinsberg\" target=\"_blank\" rel=\"noopener\">Gustav Schenk zu Schweinsberg<\/a> (AKA &#8220;W. Crecelius in Siberfeld&#8221;), in a contribution to the &#8220;History of the House of Ysenburg&#8221; (<em>Zur Geschichte des Hauses Ysenburg<\/em>), published <a href=\"https:\/\/babel.hathitrust.org\/cgi\/pt?id=njp.32101073866715&amp;view=2up&amp;seq=260&amp;size=125\" target=\"_blank\" rel=\"noopener\">here<\/a> (1875) and addressed above.\u00a0 Given the dynastic interest, might the mysterious late-medieval <em>Abschrift<\/em> with at least 2 texts \u2014 whether as documents or on pages in book form \u2014 also found in the late-medieval <span style=\"color: #ff0000;\">Selbold Cartulary Fragment<\/span> have resided in a well-heeled private collection related to that dynasty?<\/p>\n<p>To this list now belong &#8220;our&#8221; fragments.<\/p>\n<p style=\"padding-left: 30px;\">7.\u00a0 the set of late-medieval <span style=\"color: #ff0000;\">Selbold Cartulary Fragments<\/span> on paper.\u00a0 They might be identifiable as one or other of the other recorded late-medieval Witnesses on paper (see above and below).<\/p>\n<p>Might the &#8220;14th- or early 15th-century&#8221; manuscript consulted, for his edition of <strong>Text 7<\/strong>, by Gustav Simon in the ownership of <em>F\u00fcrsten Bruno zu Ysenbur<\/em>g be one of these early witnesses? Because Simon referred to the <span style=\"color: #ff0000;\">Selbold Copialbuche<\/span> for texts in other parts of his edition, it appears that these sources may (or must?) be 2 different codices.<\/p>\n<p>Unless, say, the 14th-century <span style=\"color: #ff0000;\">*Liber<\/span> and the <span style=\"color: #ff0000;\">Selbold Cartulary Fragment<\/span> in its former state were the same thing, or the latter was a part of the former, not quite recognizable as such, for example because, by then, separated from its former title?\u00a0 In any event, we are entitled to wonder what was the source or authority for the name <em>Diplomatarium<\/em> <em> mit Privilegien f\u00fcr das Stift Selbold<\/em>, as employed on the Companion Note for the entity from which these <em>Bruchst\u00fccke<\/em> were seized<em>.\u00a0<\/em> Perhaps it might not be too much of a stretch to conjecture that the name represented in German an encapsulation of a title present in Latin and defining a word <em>Liber<\/em> with a genre-specific term.<\/p>\n<p>Whatever the case, the late-medieval date of the <span style=\"color: #ff0000;\">Selbold Cartulary Fragment<\/span> studied here ensures that it holds a useful place in the transmission of documentary information about the monastery\/abbey of Selbold, the people and places associated with it, and the recovery of its historical records in the early modern period and beyond.<\/p>\n<div id=\"attachment_13391\" style=\"width: 810px\" class=\"wp-caption aligncenter\"><img aria-describedby=\"caption-attachment-13391\" loading=\"lazy\" class=\"wp-image-13391 size-full\" src=\"https:\/\/manuscriptevidence.org\/wpme\/wp-content\/uploads\/2020\/05\/Schloss_Buedingen_aussen-1.jpg\" alt=\"Schloss B\u00fcdingen, View from WNW. Photograph Lumpeseggl 2019, via Creative Commons.\" width=\"800\" height=\"600\" srcset=\"https:\/\/manuscriptevidence.org\/wpme\/wp-content\/uploads\/2020\/05\/Schloss_Buedingen_aussen-1.jpg 800w, https:\/\/manuscriptevidence.org\/wpme\/wp-content\/uploads\/2020\/05\/Schloss_Buedingen_aussen-1-150x113.jpg 150w, https:\/\/manuscriptevidence.org\/wpme\/wp-content\/uploads\/2020\/05\/Schloss_Buedingen_aussen-1-300x225.jpg 300w, https:\/\/manuscriptevidence.org\/wpme\/wp-content\/uploads\/2020\/05\/Schloss_Buedingen_aussen-1-768x576.jpg 768w\" sizes=\"(max-width: 800px) 100vw, 800px\" \/><p id=\"caption-attachment-13391\" class=\"wp-caption-text\">Schloss B\u00fcdingen, View from WNW. Photograph Lumpeseggl 2019, via Creative Commons.<\/p><\/div>\n<p>*****<\/p>\n<h3><strong>Postscript<\/strong><\/h3>\n<p>This post was prepared in only a few weeks&#8217; time, along with other blogposts (see the <a href=\"https:\/\/manuscriptevidence.org\/wpme\/manuscript-studies-contents-list\" target=\"_blank\" rel=\"noopener\">Contents List<\/a>), during the &#8220;lockdown&#8221; of libraries, repositories, and many other bibliographic resources in Spring 2020.\u00a0 That confinement means that I am not currently allowed to visit libraries, nor to access off-site their online subscription resources.\u00a0 Rather than waiting until the lockdown might lift (other tasks await that stage), I decided to press ahead with the report.<\/p>\n<p>The results derive from resourceful consultation of online materials freely available.\u00a0 That condition means that presumably I have had to miss information to be found in some more-up-to-date published sources still in copyright and unavailable other than by large institutional subscription.\u00a0 I even know the names of some books or articles that could be relevant, but are not accessible.\u00a0 Some others may have eluded my ken, search engines and other factors permitting (or not, as the case might be).<\/p>\n<p>Sometimes the clues lie in waiting in unexpected locations, but freely open to online view, once they emerge.\u00a0 For example, almost by chance, I happened to find the &#8220;missing link&#8221; which revealed at last the name of the current repository \u2014 however, now closed \u2014 for the <span style=\"color: #ff0000;\">Selbold Copialbuch<\/span> at &#8220;Birstein&#8221;, through such an online location (<a href=\"http:\/\/www.ronneburghistory.de\/Romanik.htm\" target=\"_blank\" rel=\"noopener\" class=\"broken_link\">1236\u20132011.\u00a0 Die Urkunde des Staufer Kaisers Friedrich II<\/a>).\u00a0 The indirect route by which I reached that link involved investigating the medieval forms of place-names in <strong>Text 7<\/strong>.<\/p>\n<p>To say that such indirect paths in the research work can be time-consuming and not certainly productive is to state the obvious.\u00a0 To some extent, exploring directions that might turn out to be unhelpful in a particular quest can be part and parcel of the nature of research.\u00a0 These steps can rule out some lines of further exploration and open up others. But the present forms of bibliographical obstruction under &#8216;lock-down&#8217; add to the challenges of engaging in research work in fields that may depend upon such forms of exploration.<\/p>\n<p>That they have to proceed these days, if they proceed at all, in the knowledge that other and perhaps better resources might exist online and might indeed be available \u2014 only not to me because of subscriptions and logistics\u00a0\u2014 adds to a sense of constraint.\u00a0 But it might also fuel a resourcefullness to seach for alternate viable routes, albeit perhaps roundabout.<\/p>\n<div id=\"attachment_13555\" style=\"width: 310px\" class=\"wp-caption alignright\"><img aria-describedby=\"caption-attachment-13555\" loading=\"lazy\" class=\"wp-image-13555 size-medium\" src=\"https:\/\/manuscriptevidence.org\/wpme\/wp-content\/uploads\/2020\/06\/New-FOL-41a-title-and-initial-300x295.jpg\" alt=\"Set 1 of Ege FOL Portfolio, Leaf 41 recto top left.\" width=\"300\" height=\"295\" srcset=\"https:\/\/manuscriptevidence.org\/wpme\/wp-content\/uploads\/2020\/06\/New-FOL-41a-title-and-initial-300x295.jpg 300w, https:\/\/manuscriptevidence.org\/wpme\/wp-content\/uploads\/2020\/06\/New-FOL-41a-title-and-initial-150x147.jpg 150w, https:\/\/manuscriptevidence.org\/wpme\/wp-content\/uploads\/2020\/06\/New-FOL-41a-title-and-initial.jpg 584w\" sizes=\"(max-width: 300px) 100vw, 300px\" \/><p id=\"caption-attachment-13555\" class=\"wp-caption-text\">Set 1 of Ege FOL Portfolio, Leaf 41 recto top left.<\/p><\/div>\n<p>Why bother in such a time of &#8220;extra&#8221; constraints?\u00a0 Here, I offer these preliminary, but significant, results for the <span style=\"color: #ff0000;\">Selbold Cartulary Fragment<\/span> as an indication of what can be done with some skills pertaining to the fields of <a href=\"https:\/\/en.wikipedia.org\/wiki\/Fragmentology_(manuscripts)\" target=\"_blank\" rel=\"noopener\">Fragmentology<\/a> in manuscript (and other) studies.<\/p>\n<p>Results for some other manuscript fragments dispersed in multiple collections appear in our blog, as well as in other scholars&#8217; research.\u00a0 Notable examples include the continuing, and expanding, work on manuscripts dispersed by <a href=\"https:\/\/en.wikipedia.org\/wiki\/Otto_Ege\" target=\"_blank\" rel=\"noopener\">Otto F. Ege<\/a>.\u00a0 See <a href=\"https:\/\/manuscriptevidence.org\/wpme\/some-leaves-in-set-1-of-eges-fol-portfolio\/\">Some Leaves in &#8216;Set 1&#8217; of Ege&#8217;s FOL Portfolio<\/a> and <a href=\"https:\/\/manuscriptroadtrip.wordpress.com\/2019\/07\/14\/manuscript-road-trip-fragmentology-in-the-wild\" target=\"_blank\" rel=\"noopener\">Manuscript Road Trip: Fragmentology in the Wild<\/a>.<\/p>\n<p>Look what has been possible to see in a close look at the evidence preserved on the 3 leaves from the Selbold Cartulary Fragment and its Companion Note!\u00a0 Textual recension analysis, with close readings of the texts and annotations on the leaves and the note, combined with close readings of editions or reports made about them in the post-medieval and post-copyrights periods, has recovered a powerful amount of information concerning the nature, former manuscript context, and potential of these &#8220;scraps of information&#8221; forcibly removed from their original volume and the bulk of its evidence.<\/p>\n<p>The conditions both called for, and required, detailed examination, interpretation, and collation of published sources, mostly composed in pre-20th-century German and often printed in <a href=\"https:\/\/en.wikipedia.org\/wiki\/Fraktur\" target=\"_blank\" rel=\"noopener\">Fraktur<\/a>, in some respects similar to the <a href=\"https:\/\/en.wikipedia.org\/wiki\/Black_Letter\" target=\"_blank\" rel=\"noopener\">Black Letter<\/a> scripts of some manuscript witnesses. The work was, to put it simply, often tedious and time-consuming \u2014 as can often be the case with palaeographical, linguistic, and textual-recension analysis. But it was yielding results.<\/p>\n<p>Those unfolding results encouraged me to persist in the quest. Checking and cross-checking, attending to the stray or scattered, and sometimes contradictory and often enigmatic, references which editors made about their sources, other editors&#8217; practices, and more, enabled clearer glimpses of the character and potential value of these witnesses as well.\u00a0 The characteristics of these scattered references, and the wish to represent them precisely in English, led me to reproduce them here (in transcription), to as to represent also in their own words what I think that they say.\u00a0 This care may pave the way for improved interpretations and for the recognition of further connections.<\/p>\n<p>It may yet become possible, perhaps even soon, to discover more clearly what relationship pertained between the <span style=\"color: #ff0000;\">Selbold Cartulary Fragment<\/span> and the other witnesses, perhaps especially to the lost late-medieval <span style=\"color: #ff0000;\">*<em>Liber privilegiorum et libertatum ecclesiae Selboldensis<\/em><\/span>. But for now, it is possible to &#8220;conjure&#8221; up many points of reference which allow us to state the case so far.<\/p>\n<p>In advancing with the study of this Fragment, I have been reminded of the usefulness of multiple skills, in a combination of many, sometimes seemingly unrelated fields, when applied in dedicated fashion to the study of a fragmented manuscript monument for which only parts of the former evidence survive. Any clue might prove significant, and some might be decisive.<\/p>\n<p>Such was the case in the years&#8217;-long, integrated, research for my Ph. D. dissertation centered upon the remains of a fragmented 9th-century Latin book made in England: <a href=\"https:\/\/www.academia.edu\/1833742\/British_Library_Manuscript_Royal_1_E.vi_The_Anatomy_of_an_Anglo-Saxon_Bible_Fragment\" target=\"_blank\" rel=\"noopener\" class=\"broken_link\">British Library Manuscript Royal 1 E. vi: The Anatomy of an Anglo-Saxon Bible Fragment<\/a>. This work, developing an integrated approach to manuscript (and other) studies, helped to prepare the way for the Research Group on Manuscript Evidence, as described in our <a href=\"https:\/\/manuscriptevidence.org\/wpme\" target=\"\" rel=\"noopener\">Mission<\/a>.\u00a0 Our website and its blog show many results of the power of such approaches when applied to case-studies of the evidence.<\/p>\n<div id=\"attachment_4942\" style=\"width: 467px\" class=\"wp-caption aligncenter\"><img aria-describedby=\"caption-attachment-4942\" loading=\"lazy\" class=\"wp-image-4942 size-full\" src=\"https:\/\/manuscriptevidence.org\/wpme\/wp-content\/uploads\/2015\/06\/canvas-Royal-MS-1-E-vi-folio-4r-cropped-to-page.png\" alt=\"\u00a9 The British Library Board, Royal MS 1 E vi, folio 4r. Reproduced by permission\" width=\"457\" height=\"623\" srcset=\"https:\/\/manuscriptevidence.org\/wpme\/wp-content\/uploads\/2015\/06\/canvas-Royal-MS-1-E-vi-folio-4r-cropped-to-page.png 457w, https:\/\/manuscriptevidence.org\/wpme\/wp-content\/uploads\/2015\/06\/canvas-Royal-MS-1-E-vi-folio-4r-cropped-to-page-110x150.png 110w, https:\/\/manuscriptevidence.org\/wpme\/wp-content\/uploads\/2015\/06\/canvas-Royal-MS-1-E-vi-folio-4r-cropped-to-page-220x300.png 220w\" sizes=\"(max-width: 457px) 100vw, 457px\" \/><p id=\"caption-attachment-4942\" class=\"wp-caption-text\">\u00a9 The British Library Board, Royal MS 1 E vi, folio 4r. Reproduced by permission<\/p><\/div>\n<p>This study, performed under &#8220;lockdown&#8221; with restricted access to scholarly resources, offers an example (still evolving as more evidence might come to light) of the preliminary results which emerge in studying a manuscript fragment during a forcibly fragmented state of access to the scholarly resources themselves.<\/p>\n<p>Call it a form of &#8220;Double Whammy&#8221;.\u00a0 Or, <strong>Fragmentology of Manuscript Studies in a Time of Fragmented Bibliographic Resources<\/strong>.<\/p>\n<p>An integrated approach to the evidence, insofar as it can be revealed or recovered, holds skill-sets which are still valid under such conditions.\u00a0 In changing times, which call for many changes in habits or activities, the <a href=\"https:\/\/manuscriptevidence.org\/wpme\" target=\"\" rel=\"noopener\">Research Group on Manuscript (and Other) Evidence<\/a> does not have to summon up all the relevant skills out of nowhere, because we have individually and collectively been developing and refining them for many years now.<\/p>\n<p>The fruits of those studies continue to ripen.<\/p>\n<div id=\"attachment_13343\" style=\"width: 514px\" class=\"wp-caption aligncenter\"><img aria-describedby=\"caption-attachment-13343\" loading=\"lazy\" class=\"wp-image-13343 size-full\" src=\"https:\/\/manuscriptevidence.org\/wpme\/wp-content\/uploads\/2020\/05\/wmark-symp-13.jpg\" alt=\"Grapes Watermark in a Selbold Cartulary Fragment.\" width=\"504\" height=\"600\" srcset=\"https:\/\/manuscriptevidence.org\/wpme\/wp-content\/uploads\/2020\/05\/wmark-symp-13.jpg 504w, https:\/\/manuscriptevidence.org\/wpme\/wp-content\/uploads\/2020\/05\/wmark-symp-13-126x150.jpg 126w, https:\/\/manuscriptevidence.org\/wpme\/wp-content\/uploads\/2020\/05\/wmark-symp-13-252x300.jpg 252w\" sizes=\"(max-width: 504px) 100vw, 504px\" \/><p id=\"caption-attachment-13343\" class=\"wp-caption-text\">Grapes Watermark in a Selbold Cartulary Fragment.<\/p><\/div>\n<p>*****<\/p>\n<p>[<em>Update <\/em>(<em>8 July 2020<\/em>)]<\/p>\n<h2><strong>Addendum<\/strong><\/h2>\n<p>Gustav Simon&#8217;s <em>Vorwort<\/em> to Volume 3, <a href=\"https:\/\/play.google.com\/store\/books\/details?id=vS47AAAAYAAJ&amp;rdid=book-vS47AAAAYAAJ&amp;rdot=1: target=\">Das Ysenburg und B\u00fcdingen&#8217;sche Urkungdenbuch<\/a> (1865), describes the <span style=\"color: #ff0000;\">Selbolder Copialbuch<span style=\"color: #000000;\"> among his sources in the Birstein Archive, where he encountered 2 <em>Copialb\u00fccher<\/em> (pp. v\u2013vi), manifesting different sizes, materials (parchment versus paper leaves), degrees of luxury (or not), and dates. The reports breathe some life into a sense at a distance of the <span style=\"color: #ff0000;\">Selbold Copialbuch<\/span> and not one but 2 <strong><span style=\"text-decoration: underline;\"><span style=\"color: #800080; text-decoration: underline;\">Red Books<\/span><\/span><\/strong> (in Birstein and in B\u00fcdingen respectively). <\/span><\/span><\/p>\n<p><span style=\"color: #ff0000;\"><span style=\"color: #000000;\">The exposition is compacted, but revealing.\u00a0 I retain Simon&#8217;s numbering, but introduce a sub-section division and add coloring as well as emphasis.\u00a0 In his own words:<br \/>\n<\/span><\/span><\/p>\n<p style=\"padding-left: 30px;\">1) <span style=\"text-decoration: underline;\"><strong><span style=\"color: #800080; text-decoration: underline;\">das Original des von Grafen Ludwig II herr\u00fchrenden rothen Buches<\/span><\/strong><\/span>.\u00a0 Es ist dies ein prachtvoller Pergament-Codex in gr. Folio, welcher 378 beschriebene Seiten und einige leere Bl\u00e3tter enth\u00e3lt, in Leder gebunden, mit reichem Beschl\u00e4ge versehen.\u00a0 Auf der ersten Seite befindig sich da\u03b2 Ysenburgische Wappen, prachtvoll in Farben ausgef\u00fchrt.\u00a0 Die Schrift ist gleichfalls sehr gleichm\u00e3\u03b2 und sch\u00f6n, die Initialen und ersten Zeilen roth.\u00a0 Zu meinem Vedauern war es mir nicht gestattet, Abschriften aus demselben zu nehmen.<\/p>\n<p style=\"padding-left: 30px;\">[1a] \u2014 Eine getreue, ebenfalls sch\u00f6n, jedoch in Kanzleischrift ausgef\u00fchrte <span style=\"text-decoration: underline;\"><strong><span style=\"color: #800080; text-decoration: underline;\">Abschrift dieses Codex<\/span><\/strong><\/span> ist indessen <strong><span style=\"text-decoration: underline;\"><span style=\"color: #800080; text-decoration: underline;\">im Archive zu B\u00fcdingen<\/span><\/span><\/strong> vorhanden.\u00a0 Dieselbe had ahngef\u00e3hr das Format des Originals, ist ebenfalls auf Pergament geschrieben, in braunes Leder gebunden, und mit Messing beschlagen.Wahrscheinlich wurde diese Copie in Folge der letzten Landestheilung gerfertigt, da wol auch die j\u00fcnger Linie diesen Schatz zu bestigen w\u00fcnschte.\u00a0 Da mir die unbeschr\u00e4nkte Benuzung dieser Abschrift verstattet war, so kann ich hier Allen, die es interessiert, die bestimmt Versicherung geben, da\u03b2 es dem, wie man sagt, landl\u00e3ufigen Gerede von den tiefen Geheimni\u03b2en <span style=\"text-decoration: underline;\"><span style=\"color: #800080; text-decoration: underline;\">des Ysenburgischen rothen Buches<\/span><\/span> an aller und jeder Unterlage fehlt, da\u03b2 es vielmehr dem Ysenburgischen Hause zu keinerlei Nachtheil gereichen w\u00fcrde, wenn man das <span style=\"text-decoration: underline;\"><span style=\"color: #800080; text-decoration: underline;\">rothe Buch<\/span><\/span> in seinem ganzen Umfange abdrucken lie\u03b2e.<\/p>\n<p style=\"padding-left: 30px;\">2) das <span style=\"color: #ff0000;\">Selbolder Copialbuch<\/span>, ein in Schweinsleder gebundener Papier-Codex in kleinerem Folioformat, dessen Benutzung mir freundlichst gestattet wurde.\u00a0 Der Schrift nach stammt dasselbe <strong>aus dem Ende de 15. Jahrh.<\/strong>, hat aber <strong>auch sp\u00e4tere Zus\u00e4tze<\/strong>.\u00a0 Der Inhalt desselben ist sehr reich.\u00a0 Die wichtigsten, bisher nicht gedruckten Urk. in demselben finden sich im Urk.-Buche.\u00a0 Doch war ich in meiner Zeit allzubeschr\u00e4nkt, als das ich dasselbe vollst\u00e4ndig h\u00e4tte ersch\u00f6pfen k\u00f6nnen.<\/p>\n<p>That is, a paper &#8220;codex&#8221; in small folio format, bound in pigskin, with script dating &#8220;from the end of the 15th century&#8221;, with &#8220;later additions <em>or<\/em> supplements&#8221;.\u00a0 In other words, a somewhat different account of the date-range of the <span style=\"color: #ff0000;\">Selbold Copialbuch at Birstein<\/span> than Reimer&#8217;s in his own <em>Vorwort<\/em>.<\/p>\n<p>As for the 2 <span style=\"text-decoration: underline;\"><span style=\"color: #800080; text-decoration: underline;\">Red Books<\/span><\/span>, they reside in Birstein and in B\u00fcdingen respectively, with one being a copy of the other, which had been commissioned by Count Ludwig II of <span class=\"st\">Isenburg-B\u00fcdingen<\/span> (who lived from 1422\u20131511) \u2014 so that both lines of the dynasty could have copies of that &#8220;<span style=\"color: #800080;\">Ysenburg Red Book<\/span>&#8220;.\u00a0 Differences between them extend to the script.\u00a0 In the former, the &#8220;Schrift ist gleichfalls sehr gleichm\u00e3\u03b2 und sch\u00f6n&#8221;, with initials and first lines in red.\u00a0 In the latter, it amounts to a documentary version, &#8220;<a href=\"https:\/\/de.wikipedia.org\/wiki\/Kanzleischrift\" target=\"_blank\" rel=\"noopener\">Kanzleischrift<\/a>&#8221; (presumably <a href=\"https:\/\/de.wikipedia.org\/wiki\/Deutsche_Kanzleischrift\" target=\"_blank\" rel=\"noopener\">Deutsche Kanzleischrift<\/a>).\u00a0 Perhaps what Simon regarded as the &#8220;original&#8221; (perhaps on account of its elaboration, heraldic frontispiece included) constituted the &#8220;fair copy&#8221; or presentation copy, and was instead a copy of the supposed &#8220;<em>Abschrift<\/em> of this Codex&#8221;, namely the <span style=\"color: #800080;\">Red Book at Birstein<\/span>?\u00a0 Depending, of course, on the date of the script of the Birstein version (and perhaps any watermarks on its paper).<\/p>\n<p>A recent <a href=\"https:\/\/www.degruyter.com\/view\/title\/537709?tab_body=toc\" target=\"_blank\" rel=\"noopener\">publication<\/a> (2019) \u2014 dedicated to <em>Die Pr\u00e4monstratenserstifts Ober- und Nieder-Ilberstadt.\u00a0 Die Bist\u00fcmer der Kirchen provinz Mainz.\u00a0 Das Bistum Mainz, 1 \u2014<\/em>employs the second <span style=\"text-decoration: underline;\"><span style=\"color: #800080; text-decoration: underline;\">Red Book<\/span><\/span> as one of its witnesses.\u00a0 To judge by a brief view permitted freely online, the list of Sources (&#8220;Quellen&#8221;) cites &#8220;<span style=\"text-decoration: underline;\"><span style=\"color: #ff0000; text-decoration: underline;\">Mscr. 1 Rotes Buch<\/span><\/span>&#8221; in the F\u00fcrstlich Isenburgisches Archiv Birstein, at the F\u00fcrstlich Ysenburg- und B\u00fcdingen&#8217;sches Archiv zu Birstein.<\/p>\n<p>The case of the doubled <span style=\"color: #800080;\">Red Books<\/span> for Graf Ludwig II, kept in different collections and locations, and only occasionally cited by collection-plus-pressmark (or similar precise identifier) in editorial presentations, offer a mirror of sorts for the predicament which faces a clear recognition of the specific iterations of the cartularies for Kloster Selbold as transmitted across the centuries since the disbanding of the Kloster, the distribution or dispersal of its books, and the copies made from them or parts of them.<\/p>\n<p>Examined closely for their evidence, both on their pages and in their reconstructable contexts, the 3 paper leaves in the <span style=\"color: #ff0000;\">Selbold Cartulary Fragments <\/span>can be seen to bear eloquent witness to their volume, despite its fragmentation and any efforts to mask its origins and the value of its testimony.<\/p>\n<p>*****<\/p>\n<p><em>Update on 10 August 2020<\/em>:<\/p>\n<p>See also other blogposts on materials now in the same private collection which apparently came from B\u00fcdingen Castle.<\/p>\n<ul>\n<li><a href=\"https:\/\/manuscriptevidence.org\/wpme\/written-in-the-stars\" target=\"_blank\" rel=\"noopener\">Written in the Stars<\/a><\/li>\n<li><a href=\"https:\/\/manuscriptevidence.org\/wpme\/vellum-bifolium-from-augustines-homilies-on-john\" target=\"_blank\" rel=\"noopener\">Vellum Bifolium from Augustine&#8217;s &#8216;Homilies on John&#8217;<\/a>, reused as a cover for an Account Book for a Garden for the Parish Church at B\u00fcdingen<\/li>\n<\/ul>\n<div id=\"attachment_14230\" style=\"width: 1034px\" class=\"wp-caption aligncenter\"><img aria-describedby=\"caption-attachment-14230\" loading=\"lazy\" class=\"wp-image-14230 size-large\" src=\"https:\/\/manuscriptevidence.org\/wpme\/wp-content\/uploads\/2016\/04\/1200px-De_Merian_Hassiae_050_Buedingen-1024x468.png\" alt=\"View of B\u00fcdingen: Engraving by Matthias Merian the Elder in Martin Zeiller, 'Topographia Hassiae, et Regionum Vicinarum' (Franckfurt am Mayn, 16 volumes, 2nd edition, 1655). Image via Wikimedia Commons.\" width=\"1024\" height=\"468\" srcset=\"https:\/\/manuscriptevidence.org\/wpme\/wp-content\/uploads\/2016\/04\/1200px-De_Merian_Hassiae_050_Buedingen-1024x468.png 1024w, https:\/\/manuscriptevidence.org\/wpme\/wp-content\/uploads\/2016\/04\/1200px-De_Merian_Hassiae_050_Buedingen-150x69.png 150w, https:\/\/manuscriptevidence.org\/wpme\/wp-content\/uploads\/2016\/04\/1200px-De_Merian_Hassiae_050_Buedingen-300x137.png 300w, https:\/\/manuscriptevidence.org\/wpme\/wp-content\/uploads\/2016\/04\/1200px-De_Merian_Hassiae_050_Buedingen-768x351.png 768w, https:\/\/manuscriptevidence.org\/wpme\/wp-content\/uploads\/2016\/04\/1200px-De_Merian_Hassiae_050_Buedingen.png 1200w\" sizes=\"(max-width: 1024px) 100vw, 1024px\" \/><p id=\"caption-attachment-14230\" class=\"wp-caption-text\">View of B\u00fcdingen: Engraving by Matthias Merian the Elder in Martin Zeiller, &#8216;Topographia Hassiae, et Regionum Vicinarum&#8217; (Franckfurt am Mayn, 16 volumes, 2nd edition, 1655). Image via Wikimedia Commons.<\/p><\/div>\n<p>[Updates on 4 September 2020]<\/p>\n<p>With thanks to our Associate, Celia Chazelle, for observations about this post and help with its exploration of the\u00a0<span style=\"color: #ff0000;\">[*]<em>Libro Msto. Privilegior. Eccles. Selbold<\/em>. <\/span><\/p>\n<p>*****<\/p>\n<div id=\"attachment_13426\" style=\"width: 1014px\" class=\"wp-caption aligncenter\"><img aria-describedby=\"caption-attachment-13426\" loading=\"lazy\" class=\"wp-image-13426 size-full\" src=\"https:\/\/manuscriptevidence.org\/wpme\/wp-content\/uploads\/2020\/05\/Selbold-fol-3v-Frederick-for-Selbold-3-May-1236.jpg\" alt=\"verso upper portion. Text 7: Frederick II, May 1236.\" width=\"1004\" height=\"582\" srcset=\"https:\/\/manuscriptevidence.org\/wpme\/wp-content\/uploads\/2020\/05\/Selbold-fol-3v-Frederick-for-Selbold-3-May-1236.jpg 1004w, https:\/\/manuscriptevidence.org\/wpme\/wp-content\/uploads\/2020\/05\/Selbold-fol-3v-Frederick-for-Selbold-3-May-1236-150x87.jpg 150w, https:\/\/manuscriptevidence.org\/wpme\/wp-content\/uploads\/2020\/05\/Selbold-fol-3v-Frederick-for-Selbold-3-May-1236-300x174.jpg 300w, https:\/\/manuscriptevidence.org\/wpme\/wp-content\/uploads\/2020\/05\/Selbold-fol-3v-Frederick-for-Selbold-3-May-1236-768x445.jpg 768w\" sizes=\"(max-width: 1004px) 100vw, 1004px\" \/><p id=\"caption-attachment-13426\" class=\"wp-caption-text\">Selbold Cartulary Fragment folio &#8220;3&#8221; verso upper portion. Text 7: Frederick II, May 1236.<\/p><\/div>\n<p>Do you recognize other leaves from this dismembered Selbold Cartulary?\u00a0 Other examples of this scribe&#8217;s work?<\/p>\n<p>Do you know more about the history and transmission of the documents and the various copies of the cartularies of Selbold?<\/p>\n<p>Please let us know.\u00a0 You might reach us via <a href=\"https:\/\/manuscriptevidence.org\/wpme\/contact-us\" target=\"\" rel=\"noopener\">Contact Us<\/a> or our <a href=\"https:\/\/www.facebook.com\/Research-Group-on-Manuscript-Evidence-259443617456668\/\" target=\"_blank\" rel=\"noopener\" class=\"broken_link\">Facebook Page<\/a>. Comments here are welcome too.<\/p>\n<p>*****<\/p>\n<p>More to Come. See the <a href=\"https:\/\/manuscriptevidence.org\/wpme\/manuscript-studies-contents-list\" target=\"_blank\" rel=\"noopener\">Contents List<\/a> for this <a href=\"https:\/\/manuscriptevidence.org\/wpme\/manuscript-studies-contents-list\" target=\"_blank\" rel=\"noopener\">blog<\/a>.<\/p>\n<p>*****<\/p>\n","protected":false},"excerpt":{"rendered":"<p>&nbsp; Selbold Cartulary Fragments 3 Leaves on Paper Single columns of 38 lines Circa 28.3 \u00d7 210 cm &lt; written area of circa 20.6 \u00d7 15.5 cm&gt; Presumably Stift Selbold or its Region (Hessen) in Germany Late 14th or early 15th Century Watermark of Grape Cluster [Posted on 3 July 2020, with updates] Continuing our [&hellip;]<\/p>\n","protected":false},"author":2,"featured_media":13343,"comment_status":"open","ping_status":"open","sticky":false,"template":"","format":"standard","meta":{"_monsterinsights_skip_tracking":false,"_monsterinsights_sitenote_active":false,"_monsterinsights_sitenote_note":"","_monsterinsights_sitenote_category":0},"categories":[678],"tags":[1788,1785,1786,1581,1789,1790,1793,1794,1795,1630,56,1811,1582,1792,1791,1781,489,1796,488,1782,1780,1783,1797,1787,1784],"_links":{"self":[{"href":"https:\/\/manuscriptevidence.org\/wpme\/wp-json\/wp\/v2\/posts\/13363"}],"collection":[{"href":"https:\/\/manuscriptevidence.org\/wpme\/wp-json\/wp\/v2\/posts"}],"about":[{"href":"https:\/\/manuscriptevidence.org\/wpme\/wp-json\/wp\/v2\/types\/post"}],"author":[{"embeddable":true,"href":"https:\/\/manuscriptevidence.org\/wpme\/wp-json\/wp\/v2\/users\/2"}],"replies":[{"embeddable":true,"href":"https:\/\/manuscriptevidence.org\/wpme\/wp-json\/wp\/v2\/comments?post=13363"}],"version-history":[{"count":81,"href":"https:\/\/manuscriptevidence.org\/wpme\/wp-json\/wp\/v2\/posts\/13363\/revisions"}],"predecessor-version":[{"id":17144,"href":"https:\/\/manuscriptevidence.org\/wpme\/wp-json\/wp\/v2\/posts\/13363\/revisions\/17144"}],"wp:featuredmedia":[{"embeddable":true,"href":"https:\/\/manuscriptevidence.org\/wpme\/wp-json\/wp\/v2\/media\/13343"}],"wp:attachment":[{"href":"https:\/\/manuscriptevidence.org\/wpme\/wp-json\/wp\/v2\/media?parent=13363"}],"wp:term":[{"taxonomy":"category","embeddable":true,"href":"https:\/\/manuscriptevidence.org\/wpme\/wp-json\/wp\/v2\/categories?post=13363"},{"taxonomy":"post_tag","embeddable":true,"href":"https:\/\/manuscriptevidence.org\/wpme\/wp-json\/wp\/v2\/tags?post=13363"}],"curies":[{"name":"wp","href":"https:\/\/api.w.org\/{rel}","templated":true}]}}